{"id":10649,"date":"2024-01-25T18:53:18","date_gmt":"2024-01-25T17:53:18","guid":{"rendered":"https:\/\/lyceerudloff.com\/?p=10649"},"modified":"2024-02-11T21:05:38","modified_gmt":"2024-02-11T20:05:38","slug":"borderwalk-avec-les-2des-abibac","status":"publish","type":"post","link":"https:\/\/lyceerudloff.com\/index.php\/2024\/01\/25\/borderwalk-avec-les-2des-abibac\/","title":{"rendered":"\u00ab\u00a0Borderwalk\u00a0\u00bb avec les 2des Abibac"},"content":{"rendered":"\n<p>Jeudi 25 janvier, les \u00e9l\u00e8ves de 2de Abibac, accompagn\u00e9s de M.Missio, ont particip\u00e9 \u00e0 la \u00ab\u00a0Borderwalk\u00a0\u00bb organis\u00e9e par la Hochschule Kehl.<\/p>\n\n\n\n<p>Apr\u00e8s une promenade informative le long de la fronti\u00e8re entre Kehl et le Pont de l&rsquo;Europe, nos \u00e9l\u00e8ves ainsi que d&rsquo;autres \u00e9l\u00e8ves de Strasbourg et des citoyens fran\u00e7ais et allemands int\u00e9ress\u00e9s par la d\u00e9marche et le projet se sont retrouv\u00e9s sur le campus de la Hochschule Kehl pour \u00e9changer avec des experts, autour de la th\u00e9matique de la fronti\u00e8re.<\/p>\n\n\n\n<figure class=\"wp-block-gallery has-nested-images columns-default is-cropped wp-block-gallery-1 is-layout-flex wp-block-gallery-is-layout-flex\">\n<figure class=\"wp-block-image size-large\"><img loading=\"lazy\" decoding=\"async\" width=\"800\" height=\"600\" data-id=\"10654\" src=\"https:\/\/lyceerudloff.com\/wp-content\/uploads\/2024\/02\/IMG_71781.jpg\" alt=\"\" class=\"wp-image-10654\" srcset=\"https:\/\/lyceerudloff.com\/wp-content\/uploads\/2024\/02\/IMG_71781.jpg 800w, https:\/\/lyceerudloff.com\/wp-content\/uploads\/2024\/02\/IMG_71781-300x225.jpg 300w, https:\/\/lyceerudloff.com\/wp-content\/uploads\/2024\/02\/IMG_71781-768x576.jpg 768w, https:\/\/lyceerudloff.com\/wp-content\/uploads\/2024\/02\/IMG_71781-24x18.jpg 24w, https:\/\/lyceerudloff.com\/wp-content\/uploads\/2024\/02\/IMG_71781-36x27.jpg 36w, https:\/\/lyceerudloff.com\/wp-content\/uploads\/2024\/02\/IMG_71781-48x36.jpg 48w\" sizes=\"auto, (max-width: 800px) 100vw, 800px\" \/><\/figure>\n\n\n\n<figure class=\"wp-block-image size-large\"><img loading=\"lazy\" decoding=\"async\" width=\"828\" height=\"597\" data-id=\"10650\" src=\"https:\/\/lyceerudloff.com\/wp-content\/uploads\/2024\/02\/IMG_69591.jpg\" alt=\"\" class=\"wp-image-10650\" srcset=\"https:\/\/lyceerudloff.com\/wp-content\/uploads\/2024\/02\/IMG_69591.jpg 828w, https:\/\/lyceerudloff.com\/wp-content\/uploads\/2024\/02\/IMG_69591-300x216.jpg 300w, https:\/\/lyceerudloff.com\/wp-content\/uploads\/2024\/02\/IMG_69591-768x554.jpg 768w, https:\/\/lyceerudloff.com\/wp-content\/uploads\/2024\/02\/IMG_69591-24x17.jpg 24w, https:\/\/lyceerudloff.com\/wp-content\/uploads\/2024\/02\/IMG_69591-36x26.jpg 36w, https:\/\/lyceerudloff.com\/wp-content\/uploads\/2024\/02\/IMG_69591-48x35.jpg 48w\" sizes=\"auto, (max-width: 828px) 100vw, 828px\" \/><\/figure>\n<\/figure>\n\n\n\n<figure class=\"wp-block-image size-full\"><img loading=\"lazy\" decoding=\"async\" width=\"782\" height=\"834\" src=\"https:\/\/lyceerudloff.com\/wp-content\/uploads\/2024\/02\/IMG_69601.jpg\" alt=\"\" class=\"wp-image-10651\" srcset=\"https:\/\/lyceerudloff.com\/wp-content\/uploads\/2024\/02\/IMG_69601.jpg 782w, https:\/\/lyceerudloff.com\/wp-content\/uploads\/2024\/02\/IMG_69601-281x300.jpg 281w, https:\/\/lyceerudloff.com\/wp-content\/uploads\/2024\/02\/IMG_69601-768x819.jpg 768w, https:\/\/lyceerudloff.com\/wp-content\/uploads\/2024\/02\/IMG_69601-34x36.jpg 34w, https:\/\/lyceerudloff.com\/wp-content\/uploads\/2024\/02\/IMG_69601-45x48.jpg 45w\" sizes=\"auto, (max-width: 782px) 100vw, 782px\" \/><\/figure>\n\n\n\n<p><a href=\"https:\/\/www.hs-kehl.de\/borderwalk2024\">https:\/\/www.hs-kehl.de\/borderwalk2024<\/a><\/p>\n","protected":false},"excerpt":{"rendered":"<p>Jeudi 25 janvier, les \u00e9l\u00e8ves de 2de Abibac, accompagn\u00e9s de M.Missio, ont particip\u00e9 \u00e0 la \u00ab\u00a0Borderwalk\u00a0\u00bb organis\u00e9e par la Hochschule Kehl. Apr\u00e8s une promenade informative le long de la fronti\u00e8re entre Kehl et le Pont de l&rsquo;Europe, nos \u00e9l\u00e8ves ainsi que d&rsquo;autres \u00e9l\u00e8ves de Strasbourg et des citoyens fran\u00e7ais et allemands int\u00e9ress\u00e9s par la d\u00e9marche [&hellip;]<\/p>\n","protected":false},"author":9,"featured_media":10653,"comment_status":"closed","ping_status":"","sticky":false,"template":"","format":"standard","meta":{"footnotes":""},"categories":[27],"tags":[45],"class_list":["post-10649","post","type-post","status-publish","format-standard","has-post-thumbnail","hentry","category-pole-international","tag-abibac"],"_links":{"self":[{"href":"https:\/\/lyceerudloff.com\/index.php\/wp-json\/wp\/v2\/posts\/10649","targetHints":{"allow":["GET"]}}],"collection":[{"href":"https:\/\/lyceerudloff.com\/index.php\/wp-json\/wp\/v2\/posts"}],"about":[{"href":"https:\/\/lyceerudloff.com\/index.php\/wp-json\/wp\/v2\/types\/post"}],"author":[{"embeddable":true,"href":"https:\/\/lyceerudloff.com\/index.php\/wp-json\/wp\/v2\/users\/9"}],"replies":[{"embeddable":true,"href":"https:\/\/lyceerudloff.com\/index.php\/wp-json\/wp\/v2\/comments?post=10649"}],"version-history":[{"count":2,"href":"https:\/\/lyceerudloff.com\/index.php\/wp-json\/wp\/v2\/posts\/10649\/revisions"}],"predecessor-version":[{"id":10688,"href":"https:\/\/lyceerudloff.com\/index.php\/wp-json\/wp\/v2\/posts\/10649\/revisions\/10688"}],"wp:featuredmedia":[{"embeddable":true,"href":"https:\/\/lyceerudloff.com\/index.php\/wp-json\/wp\/v2\/media\/10653"}],"wp:attachment":[{"href":"https:\/\/lyceerudloff.com\/index.php\/wp-json\/wp\/v2\/media?parent=10649"}],"wp:term":[{"taxonomy":"category","embeddable":true,"href":"https:\/\/lyceerudloff.com\/index.php\/wp-json\/wp\/v2\/categories?post=10649"},{"taxonomy":"post_tag","embeddable":true,"href":"https:\/\/lyceerudloff.com\/index.php\/wp-json\/wp\/v2\/tags?post=10649"}],"curies":[{"name":"wp","href":"https:\/\/api.w.org\/{rel}","templated":true}]}}