{"id":11342,"date":"2024-09-30T00:08:30","date_gmt":"2024-09-29T22:08:30","guid":{"rendered":"https:\/\/lyceerudloff.com\/?p=11342"},"modified":"2024-10-01T15:47:14","modified_gmt":"2024-10-01T13:47:14","slug":"erasmus-madrid-2023-24-mobilites-individuelles-a-lies-valmayor-de-valdemorillo","status":"publish","type":"post","link":"https:\/\/lyceerudloff.com\/index.php\/2024\/09\/30\/erasmus-madrid-2023-24-mobilites-individuelles-a-lies-valmayor-de-valdemorillo\/","title":{"rendered":"Erasmus + Madrid 2023\/24: mobilit\u00e9s individuelles \u00e0 l\u2019IES Valmayor de Valdemorillo"},"content":{"rendered":"\n<p>C\u2019est gr\u00e2ce au programme d\u2019\u00e9changes Erasmus + que Chlo\u00e9 (1<sup>\u00e8re<\/sup> STMG), Darly (1<sup>\u00e8re<\/sup> 5) et Lola (T G3) ont pu partir du 4 au 15 mars 2024 dans la r\u00e9gion de Madrid pour \u00eatre scolaris\u00e9es \u00e0 l\u2019IES Valmayor de Valdemorillo et d\u00e9couvrir ainsi un nouveau syst\u00e8me scolaire europ\u00e9en et vivre leur citoyennet\u00e9 europ\u00e9enne.<\/p>\n\n\n\n<p>Dans le cadre de leurs mobilit\u00e9s individuelles avec r\u00e9ciprocit\u00e9, elles ont \u00e9t\u00e9 merveilleusement bien accueillies par leurs correspondants, Arturo, Jos\u00e9, Unai et leurs familles, ainsi que par l\u2019\u00e9quipe Erasmus + et toute la communaut\u00e9 \u00e9ducative de notre lyc\u00e9e partenaire.<\/p>\n\n\n<div class=\"wp-block-image\">\n<figure class=\"aligncenter size-full is-resized\"><img loading=\"lazy\" decoding=\"async\" width=\"286\" height=\"176\" src=\"https:\/\/lyceerudloff.com\/wp-content\/uploads\/2024\/09\/image-15.png\" alt=\"\" class=\"wp-image-11354\" style=\"width:458px;height:auto\" srcset=\"https:\/\/lyceerudloff.com\/wp-content\/uploads\/2024\/09\/image-15.png 286w, https:\/\/lyceerudloff.com\/wp-content\/uploads\/2024\/09\/image-15-24x15.png 24w, https:\/\/lyceerudloff.com\/wp-content\/uploads\/2024\/09\/image-15-36x22.png 36w, https:\/\/lyceerudloff.com\/wp-content\/uploads\/2024\/09\/image-15-48x30.png 48w\" sizes=\"auto, (max-width: 286px) 100vw, 286px\" \/><\/figure>\n<\/div>\n\n\n<p>Durant deux semaines, elles ont assist\u00e9 aux cours de leurs correspondants et se sont adapt\u00e9es \u00e0 de m\u00e9thodes d\u2019apprentissage innovantes et inclusives qui leur ont permis de consolider leur expression en espagnol de fa\u00e7on contextualis\u00e9e et d\u2019acqu\u00e9rir de nouveaux savoirs.<\/p>\n\n\n\n<p>Outre leur participation aux diff\u00e9rents cours, Chlo\u00e9, Darly et Lola ont \u00e9galement b\u00e9n\u00e9fici\u00e9 d\u2019activit\u00e9s p\u00e9dagogiques diversifi\u00e9es comme la rencontre avec le po\u00e8te, dramaturge et acteur Alvaro Tato et la conf\u00e9rence de Agustina Asenjo, chercheuse au ICMM (Instituto de Ciencias de Materiales de Madrid) sur la nanotechnologie.<\/p>\n\n\n<div class=\"wp-block-image\">\n<figure class=\"alignleft size-full is-resized\"><img loading=\"lazy\" decoding=\"async\" width=\"177\" height=\"236\" src=\"https:\/\/lyceerudloff.com\/wp-content\/uploads\/2024\/09\/image-17.png\" alt=\"\" class=\"wp-image-11362\" style=\"width:238px;height:auto\" srcset=\"https:\/\/lyceerudloff.com\/wp-content\/uploads\/2024\/09\/image-17.png 177w, https:\/\/lyceerudloff.com\/wp-content\/uploads\/2024\/09\/image-17-18x24.png 18w, https:\/\/lyceerudloff.com\/wp-content\/uploads\/2024\/09\/image-17-27x36.png 27w, https:\/\/lyceerudloff.com\/wp-content\/uploads\/2024\/09\/image-17-36x48.png 36w\" sizes=\"auto, (max-width: 177px) 100vw, 177px\" \/><\/figure>\n<\/div>\n\n<div class=\"wp-block-image\">\n<figure class=\"aligncenter size-full is-resized\"><img loading=\"lazy\" decoding=\"async\" width=\"157\" height=\"235\" src=\"https:\/\/lyceerudloff.com\/wp-content\/uploads\/2024\/09\/image-18.png\" alt=\"\" class=\"wp-image-11363\" style=\"width:213px;height:auto\" srcset=\"https:\/\/lyceerudloff.com\/wp-content\/uploads\/2024\/09\/image-18.png 157w, https:\/\/lyceerudloff.com\/wp-content\/uploads\/2024\/09\/image-18-16x24.png 16w, https:\/\/lyceerudloff.com\/wp-content\/uploads\/2024\/09\/image-18-24x36.png 24w, https:\/\/lyceerudloff.com\/wp-content\/uploads\/2024\/09\/image-18-32x48.png 32w\" sizes=\"auto, (max-width: 157px) 100vw, 157px\" \/><\/figure>\n<\/div>\n\n\n<p class=\"has-text-align-left\">Nos trois \u00e9l\u00e8ves ont \u00e9t\u00e9 heureuses de candidater \u00e0 ce s\u00e9jour car il leur a permis de vivre une exp\u00e9rience d\u2019interculturalit\u00e9 riche en \u00e9motions et de prendre pleinement conscience de leur citoyennet\u00e9 europ\u00e9enne.<\/p>\n\n\n<div class=\"wp-block-image\">\n<figure class=\"alignleft size-full\"><img loading=\"lazy\" decoding=\"async\" width=\"527\" height=\"297\" src=\"https:\/\/lyceerudloff.com\/wp-content\/uploads\/2024\/09\/image-10.png\" alt=\"\" class=\"wp-image-11347\" srcset=\"https:\/\/lyceerudloff.com\/wp-content\/uploads\/2024\/09\/image-10.png 527w, https:\/\/lyceerudloff.com\/wp-content\/uploads\/2024\/09\/image-10-300x169.png 300w, https:\/\/lyceerudloff.com\/wp-content\/uploads\/2024\/09\/image-10-24x14.png 24w, https:\/\/lyceerudloff.com\/wp-content\/uploads\/2024\/09\/image-10-36x20.png 36w, https:\/\/lyceerudloff.com\/wp-content\/uploads\/2024\/09\/image-10-48x27.png 48w\" sizes=\"auto, (max-width: 527px) 100vw, 527px\" \/><\/figure>\n<\/div>\n\n\n<figure class=\"wp-block-image size-full\"><img loading=\"lazy\" decoding=\"async\" width=\"222\" height=\"296\" src=\"https:\/\/lyceerudloff.com\/wp-content\/uploads\/2024\/09\/image-11.png\" alt=\"\" class=\"wp-image-11348\" srcset=\"https:\/\/lyceerudloff.com\/wp-content\/uploads\/2024\/09\/image-11.png 222w, https:\/\/lyceerudloff.com\/wp-content\/uploads\/2024\/09\/image-11-18x24.png 18w, https:\/\/lyceerudloff.com\/wp-content\/uploads\/2024\/09\/image-11-27x36.png 27w, https:\/\/lyceerudloff.com\/wp-content\/uploads\/2024\/09\/image-11-36x48.png 36w\" sizes=\"auto, (max-width: 222px) 100vw, 222px\" \/><\/figure>\n\n\n\n<p><\/p>\n\n\n\n<p><em>Manifestation pour la Journ\u00e9e internationale des femmes qui s\u2019est tenue le 8 mars dernier \u00e0 Madrid.<\/em>&nbsp;&nbsp;&nbsp;&nbsp;&nbsp;&nbsp;&nbsp;&nbsp;&nbsp;&nbsp;&nbsp;&nbsp;&nbsp;&nbsp;&nbsp;&nbsp;&nbsp;<\/p>\n\n\n\n<p>Un grand merci \u00e0 Arturo, Jos\u00e9, Unai et \u00e0 leurs familles, \u00e0 l\u2019IES Valmayor de Valdemorillo et \u00e0 leur super \u00e9quipe Erasmus + (Elia, Liliany, Olmar et Roc\u00edo) pour l\u2019accueil et l\u2019aide apport\u00e9e dans la r\u00e9alisation de ce s\u00e9jour inoubliable couronn\u00e9 par l\u2019attribution<\/p>\n\n\n\n<p>L\u2019aventure continue \u00e0 la rentr\u00e9e&nbsp;!<\/p>\n","protected":false},"excerpt":{"rendered":"<p>C\u2019est gr\u00e2ce au programme d\u2019\u00e9changes Erasmus + que Chlo\u00e9 (1\u00e8re STMG), Darly (1\u00e8re 5) et Lola (T G3) ont pu partir du 4 au 15 mars 2024 dans la r\u00e9gion de Madrid pour \u00eatre scolaris\u00e9es \u00e0 l\u2019IES Valmayor de Valdemorillo et d\u00e9couvrir ainsi un nouveau syst\u00e8me scolaire europ\u00e9en et vivre leur citoyennet\u00e9 europ\u00e9enne. Dans le [&hellip;]<\/p>\n","protected":false},"author":14,"featured_media":11344,"comment_status":"closed","ping_status":"closed","sticky":false,"template":"","format":"standard","meta":{"footnotes":""},"categories":[27],"tags":[69,98,49],"class_list":["post-11342","post","type-post","status-publish","format-standard","has-post-thumbnail","hentry","category-pole-international","tag-espagnol","tag-section-europeenne","tag-voyages-echanges"],"_links":{"self":[{"href":"https:\/\/lyceerudloff.com\/index.php\/wp-json\/wp\/v2\/posts\/11342","targetHints":{"allow":["GET"]}}],"collection":[{"href":"https:\/\/lyceerudloff.com\/index.php\/wp-json\/wp\/v2\/posts"}],"about":[{"href":"https:\/\/lyceerudloff.com\/index.php\/wp-json\/wp\/v2\/types\/post"}],"author":[{"embeddable":true,"href":"https:\/\/lyceerudloff.com\/index.php\/wp-json\/wp\/v2\/users\/14"}],"replies":[{"embeddable":true,"href":"https:\/\/lyceerudloff.com\/index.php\/wp-json\/wp\/v2\/comments?post=11342"}],"version-history":[{"count":26,"href":"https:\/\/lyceerudloff.com\/index.php\/wp-json\/wp\/v2\/posts\/11342\/revisions"}],"predecessor-version":[{"id":11382,"href":"https:\/\/lyceerudloff.com\/index.php\/wp-json\/wp\/v2\/posts\/11342\/revisions\/11382"}],"wp:featuredmedia":[{"embeddable":true,"href":"https:\/\/lyceerudloff.com\/index.php\/wp-json\/wp\/v2\/media\/11344"}],"wp:attachment":[{"href":"https:\/\/lyceerudloff.com\/index.php\/wp-json\/wp\/v2\/media?parent=11342"}],"wp:term":[{"taxonomy":"category","embeddable":true,"href":"https:\/\/lyceerudloff.com\/index.php\/wp-json\/wp\/v2\/categories?post=11342"},{"taxonomy":"post_tag","embeddable":true,"href":"https:\/\/lyceerudloff.com\/index.php\/wp-json\/wp\/v2\/tags?post=11342"}],"curies":[{"name":"wp","href":"https:\/\/api.w.org\/{rel}","templated":true}]}}