{"id":12398,"date":"2025-03-24T11:43:22","date_gmt":"2025-03-24T10:43:22","guid":{"rendered":"https:\/\/lyceerudloff.com\/?p=12398"},"modified":"2025-03-24T13:21:37","modified_gmt":"2025-03-24T12:21:37","slug":"visite-de-lecole-polytechnique-avec-les-filles-des-cordees-de-la-reussite-a-loccasion-du-08-03","status":"publish","type":"post","link":"https:\/\/lyceerudloff.com\/index.php\/2025\/03\/24\/visite-de-lecole-polytechnique-avec-les-filles-des-cordees-de-la-reussite-a-loccasion-du-08-03\/","title":{"rendered":"Visite de l&rsquo;\u00e9cole Polytechnique avec les filles de la Cord\u00e9e de la r\u00e9ussite"},"content":{"rendered":"\n<div style=\"height:50px\" aria-hidden=\"true\" class=\"wp-block-spacer\"><\/div>\n\n\n\n<h2 class=\"wp-block-heading\">Une initiative \u00e0 grande \u00e9chelle<\/h2>\n\n\n\n<p>\u00c0 l\u2019occasion de la journ\u00e9e internationale des droits des femmes et dans le cadre du programme <em>Cord\u00e9es de la r\u00e9ussite<\/em>, 11 des nos \u00e9l\u00e8ves en classe de Seconde et de Premi\u00e8re se sont rendues ce samedi 08\/03 au campus de l\u2019\u00e9cole Polytechnique \u00e0 Paris en compagnie de&nbsp;M. BRADAI, l\u2019assistant Polytechnicien du lyc\u00e9e.<\/p>\n\n\n\n<figure class=\"wp-block-gallery has-nested-images columns-default is-cropped wp-block-gallery-1 is-layout-flex wp-block-gallery-is-layout-flex\">\n<figure class=\"wp-block-image size-large\"><img loading=\"lazy\" decoding=\"async\" width=\"1024\" height=\"768\" data-id=\"12408\" src=\"https:\/\/lyceerudloff.com\/wp-content\/uploads\/2025\/03\/Groupe-1024x768.jpeg\" alt=\"\" class=\"wp-image-12408\" srcset=\"https:\/\/lyceerudloff.com\/wp-content\/uploads\/2025\/03\/Groupe-1024x768.jpeg 1024w, https:\/\/lyceerudloff.com\/wp-content\/uploads\/2025\/03\/Groupe-300x225.jpeg 300w, https:\/\/lyceerudloff.com\/wp-content\/uploads\/2025\/03\/Groupe-768x576.jpeg 768w, https:\/\/lyceerudloff.com\/wp-content\/uploads\/2025\/03\/Groupe-1536x1152.jpeg 1536w, https:\/\/lyceerudloff.com\/wp-content\/uploads\/2025\/03\/Groupe-24x18.jpeg 24w, https:\/\/lyceerudloff.com\/wp-content\/uploads\/2025\/03\/Groupe-36x27.jpeg 36w, https:\/\/lyceerudloff.com\/wp-content\/uploads\/2025\/03\/Groupe-48x36.jpeg 48w, https:\/\/lyceerudloff.com\/wp-content\/uploads\/2025\/03\/Groupe.jpeg 2048w\" sizes=\"auto, (max-width: 1024px) 100vw, 1024px\" \/><figcaption class=\"wp-element-caption\">Les 40 coll\u00e9giennes et lyc\u00e9ennes strasbourgeoises \u00e0 leur arriv\u00e9e au campus de l&rsquo;\u00e9cole Polytechnique<\/figcaption><\/figure>\n<\/figure>\n\n\n\n<div style=\"height:50px\" aria-hidden=\"true\" class=\"wp-block-spacer\"><\/div>\n\n\n\n<p>Le d\u00e9placement s&rsquo;est effectu\u00e9 en train en compagnie de 29 coll\u00e9giennes de 7 autres \u00e9tablissements de la ville de Strasbourg. Cette journ\u00e9e a \u00e9t\u00e9 organis\u00e9e par le p\u00f4le \u00e9galit\u00e9 des chances de l&rsquo;\u00e9cole Polytechnique \u00e0 destination d&rsquo;une centaine de lyc\u00e9ennes \u00e0 travers toute la France.<\/p>\n\n\n\n<div style=\"height:50px\" aria-hidden=\"true\" class=\"wp-block-spacer\"><\/div>\n\n\n\n<h2 class=\"wp-block-heading\">Une journ\u00e9e port\u00e9e sur<em> les sciences au f\u00e9minin<\/em><\/h2>\n\n\n\n<p>Durant la matin\u00e9e, les \u00e9l\u00e8ves ont eu droit \u00e0 une visite guid\u00e9e du campus de l\u2019institut Polytechnique de Paris, qui regroupe plusieurs \u00e9coles d\u2019ing\u00e9nieur (Centrale Sup\u00e9lec, ENSAE, ENSTA, X, SupOptique&#8230;). Cette visite fut anim\u00e9e par des \u00e9tudiantes ing\u00e9nieures de ces diff\u00e9rentes \u00e9coles, nos \u00e9l\u00e8ves ont pu \u00e9changer avec elles \u00e0 propos de leurs parcours et de leurs \u00e9tudes.<\/p>\n\n\n\n<figure class=\"wp-block-gallery has-nested-images columns-default is-cropped wp-block-gallery-2 is-layout-flex wp-block-gallery-is-layout-flex\">\n<figure class=\"wp-block-image size-large is-style-default\"><img loading=\"lazy\" decoding=\"async\" width=\"1024\" height=\"771\" data-id=\"12421\" src=\"https:\/\/lyceerudloff.com\/wp-content\/uploads\/2025\/03\/IMG_20250308_121129-3-1024x771.jpg\" alt=\"\" class=\"wp-image-12421\" srcset=\"https:\/\/lyceerudloff.com\/wp-content\/uploads\/2025\/03\/IMG_20250308_121129-3-1024x771.jpg 1024w, https:\/\/lyceerudloff.com\/wp-content\/uploads\/2025\/03\/IMG_20250308_121129-3-300x226.jpg 300w, https:\/\/lyceerudloff.com\/wp-content\/uploads\/2025\/03\/IMG_20250308_121129-3-768x578.jpg 768w, https:\/\/lyceerudloff.com\/wp-content\/uploads\/2025\/03\/IMG_20250308_121129-3-1536x1157.jpg 1536w, https:\/\/lyceerudloff.com\/wp-content\/uploads\/2025\/03\/IMG_20250308_121129-3-2048x1542.jpg 2048w, https:\/\/lyceerudloff.com\/wp-content\/uploads\/2025\/03\/IMG_20250308_121129-3-24x18.jpg 24w, https:\/\/lyceerudloff.com\/wp-content\/uploads\/2025\/03\/IMG_20250308_121129-3-36x27.jpg 36w, https:\/\/lyceerudloff.com\/wp-content\/uploads\/2025\/03\/IMG_20250308_121129-3-48x36.jpg 48w\" sizes=\"auto, (max-width: 1024px) 100vw, 1024px\" \/><figcaption class=\"wp-element-caption\">Visite de l&rsquo;amphith\u00e9\u00e2tre Poincar\u00e9<\/figcaption><\/figure>\n\n\n\n<figure class=\"wp-block-image size-large\"><img loading=\"lazy\" decoding=\"async\" width=\"2560\" height=\"1928\" data-id=\"12422\" src=\"https:\/\/lyceerudloff.com\/wp-content\/uploads\/2025\/03\/IMG_20250308_120446-3-edited-scaled.jpg\" alt=\"\" class=\"wp-image-12422\" srcset=\"https:\/\/lyceerudloff.com\/wp-content\/uploads\/2025\/03\/IMG_20250308_120446-3-edited-scaled.jpg 2560w, https:\/\/lyceerudloff.com\/wp-content\/uploads\/2025\/03\/IMG_20250308_120446-3-edited-300x226.jpg 300w, https:\/\/lyceerudloff.com\/wp-content\/uploads\/2025\/03\/IMG_20250308_120446-3-edited-1024x771.jpg 1024w, https:\/\/lyceerudloff.com\/wp-content\/uploads\/2025\/03\/IMG_20250308_120446-3-edited-768x578.jpg 768w, https:\/\/lyceerudloff.com\/wp-content\/uploads\/2025\/03\/IMG_20250308_120446-3-edited-1536x1157.jpg 1536w, https:\/\/lyceerudloff.com\/wp-content\/uploads\/2025\/03\/IMG_20250308_120446-3-edited-2048x1543.jpg 2048w, https:\/\/lyceerudloff.com\/wp-content\/uploads\/2025\/03\/IMG_20250308_120446-3-edited-24x18.jpg 24w, https:\/\/lyceerudloff.com\/wp-content\/uploads\/2025\/03\/IMG_20250308_120446-3-edited-36x27.jpg 36w, https:\/\/lyceerudloff.com\/wp-content\/uploads\/2025\/03\/IMG_20250308_120446-3-edited-48x36.jpg 48w\" sizes=\"auto, (max-width: 2560px) 100vw, 2560px\" \/><figcaption class=\"wp-element-caption\">Les lyc\u00e9ennes visitent la biblioth\u00e8que de l&rsquo;\u00e9cole<\/figcaption><\/figure>\n\n\n\n<figure class=\"wp-block-image size-large\"><img loading=\"lazy\" decoding=\"async\" width=\"1024\" height=\"768\" data-id=\"12407\" src=\"https:\/\/lyceerudloff.com\/wp-content\/uploads\/2025\/03\/DrahiX-1024x768.jpeg\" alt=\"\" class=\"wp-image-12407\" srcset=\"https:\/\/lyceerudloff.com\/wp-content\/uploads\/2025\/03\/DrahiX-1024x768.jpeg 1024w, https:\/\/lyceerudloff.com\/wp-content\/uploads\/2025\/03\/DrahiX-300x225.jpeg 300w, https:\/\/lyceerudloff.com\/wp-content\/uploads\/2025\/03\/DrahiX-768x576.jpeg 768w, https:\/\/lyceerudloff.com\/wp-content\/uploads\/2025\/03\/DrahiX-1536x1152.jpeg 1536w, https:\/\/lyceerudloff.com\/wp-content\/uploads\/2025\/03\/DrahiX-24x18.jpeg 24w, https:\/\/lyceerudloff.com\/wp-content\/uploads\/2025\/03\/DrahiX-36x27.jpeg 36w, https:\/\/lyceerudloff.com\/wp-content\/uploads\/2025\/03\/DrahiX-48x36.jpeg 48w, https:\/\/lyceerudloff.com\/wp-content\/uploads\/2025\/03\/DrahiX.jpeg 2048w\" sizes=\"auto, (max-width: 1024px) 100vw, 1024px\" \/><figcaption class=\"wp-element-caption\">DrahiX, l&rsquo;incubateur de start-up de l&rsquo;\u00e9cole Polytechnique<\/figcaption><\/figure>\n\n\n\n<figure class=\"wp-block-image size-large\"><img loading=\"lazy\" decoding=\"async\" width=\"726\" height=\"1024\" data-id=\"12401\" src=\"https:\/\/lyceerudloff.com\/wp-content\/uploads\/2025\/03\/50ans-Feminisation-726x1024.jpeg\" alt=\"\" class=\"wp-image-12401\" srcset=\"https:\/\/lyceerudloff.com\/wp-content\/uploads\/2025\/03\/50ans-Feminisation-726x1024.jpeg 726w, https:\/\/lyceerudloff.com\/wp-content\/uploads\/2025\/03\/50ans-Feminisation-213x300.jpeg 213w, https:\/\/lyceerudloff.com\/wp-content\/uploads\/2025\/03\/50ans-Feminisation-768x1084.jpeg 768w, https:\/\/lyceerudloff.com\/wp-content\/uploads\/2025\/03\/50ans-Feminisation-1089x1536.jpeg 1089w, https:\/\/lyceerudloff.com\/wp-content\/uploads\/2025\/03\/50ans-Feminisation-17x24.jpeg 17w, https:\/\/lyceerudloff.com\/wp-content\/uploads\/2025\/03\/50ans-Feminisation-26x36.jpeg 26w, https:\/\/lyceerudloff.com\/wp-content\/uploads\/2025\/03\/50ans-Feminisation-34x48.jpeg 34w, https:\/\/lyceerudloff.com\/wp-content\/uploads\/2025\/03\/50ans-Feminisation.jpeg 1280w\" sizes=\"auto, (max-width: 726px) 100vw, 726px\" \/><figcaption class=\"wp-element-caption\">Une affiche dans le grand Hall<\/figcaption><\/figure>\n\n\n\n<figure class=\"wp-block-image size-large\"><img loading=\"lazy\" decoding=\"async\" width=\"544\" height=\"1024\" data-id=\"12405\" src=\"https:\/\/lyceerudloff.com\/wp-content\/uploads\/2025\/03\/Chopinet-544x1024.jpeg\" alt=\"\" class=\"wp-image-12405\" srcset=\"https:\/\/lyceerudloff.com\/wp-content\/uploads\/2025\/03\/Chopinet-544x1024.jpeg 544w, https:\/\/lyceerudloff.com\/wp-content\/uploads\/2025\/03\/Chopinet-159x300.jpeg 159w, https:\/\/lyceerudloff.com\/wp-content\/uploads\/2025\/03\/Chopinet-768x1445.jpeg 768w, https:\/\/lyceerudloff.com\/wp-content\/uploads\/2025\/03\/Chopinet-816x1536.jpeg 816w, https:\/\/lyceerudloff.com\/wp-content\/uploads\/2025\/03\/Chopinet-1089x2048.jpeg 1089w, https:\/\/lyceerudloff.com\/wp-content\/uploads\/2025\/03\/Chopinet-13x24.jpeg 13w, https:\/\/lyceerudloff.com\/wp-content\/uploads\/2025\/03\/Chopinet-19x36.jpeg 19w, https:\/\/lyceerudloff.com\/wp-content\/uploads\/2025\/03\/Chopinet-26x48.jpeg 26w, https:\/\/lyceerudloff.com\/wp-content\/uploads\/2025\/03\/Chopinet.jpeg 1280w\" sizes=\"auto, (max-width: 544px) 100vw, 544px\" \/><figcaption class=\"wp-element-caption\">Un hommage \u00e0 Anne Chopinet, major du concours d&rsquo;entr\u00e9e \u00e0 Polytechnique en 1972, premier concours ouvert aux femmes<\/figcaption><\/figure>\n\n\n\n<figure class=\"wp-block-image size-large\"><img loading=\"lazy\" decoding=\"async\" width=\"768\" height=\"1024\" data-id=\"12406\" src=\"https:\/\/lyceerudloff.com\/wp-content\/uploads\/2025\/03\/DeviseX-768x1024.jpeg\" alt=\"\" class=\"wp-image-12406\" srcset=\"https:\/\/lyceerudloff.com\/wp-content\/uploads\/2025\/03\/DeviseX-768x1024.jpeg 768w, https:\/\/lyceerudloff.com\/wp-content\/uploads\/2025\/03\/DeviseX-225x300.jpeg 225w, https:\/\/lyceerudloff.com\/wp-content\/uploads\/2025\/03\/DeviseX-1152x1536.jpeg 1152w, https:\/\/lyceerudloff.com\/wp-content\/uploads\/2025\/03\/DeviseX-18x24.jpeg 18w, https:\/\/lyceerudloff.com\/wp-content\/uploads\/2025\/03\/DeviseX-27x36.jpeg 27w, https:\/\/lyceerudloff.com\/wp-content\/uploads\/2025\/03\/DeviseX-36x48.jpeg 36w, https:\/\/lyceerudloff.com\/wp-content\/uploads\/2025\/03\/DeviseX.jpeg 1280w\" sizes=\"auto, (max-width: 768px) 100vw, 768px\" \/><figcaption class=\"wp-element-caption\">Devise de l&rsquo;\u00e9cole Polytechnique<\/figcaption><\/figure>\n<\/figure>\n\n\n\n<div style=\"height:50px\" aria-hidden=\"true\" class=\"wp-block-spacer\"><\/div>\n\n\n\n<p>Apr\u00e8s un d\u00e9jeuner au <em>Magnan<\/em>, la cantine de l&rsquo;\u00e9cole Polytechnique, les \u00e9l\u00e8ves se sont dirig\u00e9es dans les locaux de l&rsquo;ENSAE (\u00c9cole Nationale de la Statistique et de l&rsquo;Administration \u00c9conomique) pour assister \u00e0 un amphi de pr\u00e9sentation, amphi durant lequel une multitude d&rsquo;intervenantes qui ont expos\u00e9 leurs parcours ainsi que l&rsquo;importance de ne pas s&rsquo;auto-censurer en tant que femme si l&rsquo;on souhaite faire des sciences, quelque soit le domaine. <\/p>\n\n\n\n<figure class=\"wp-block-gallery has-nested-images columns-default is-cropped wp-block-gallery-3 is-layout-flex wp-block-gallery-is-layout-flex\">\n<figure class=\"wp-block-image size-large\"><img loading=\"lazy\" decoding=\"async\" width=\"1024\" height=\"683\" data-id=\"12402\" src=\"https:\/\/lyceerudloff.com\/wp-content\/uploads\/2025\/03\/AmphiPrez-1024x683.jpeg\" alt=\"\" class=\"wp-image-12402\" srcset=\"https:\/\/lyceerudloff.com\/wp-content\/uploads\/2025\/03\/AmphiPrez-1024x683.jpeg 1024w, https:\/\/lyceerudloff.com\/wp-content\/uploads\/2025\/03\/AmphiPrez-300x200.jpeg 300w, https:\/\/lyceerudloff.com\/wp-content\/uploads\/2025\/03\/AmphiPrez-768x512.jpeg 768w, https:\/\/lyceerudloff.com\/wp-content\/uploads\/2025\/03\/AmphiPrez-1536x1024.jpeg 1536w, https:\/\/lyceerudloff.com\/wp-content\/uploads\/2025\/03\/AmphiPrez-24x16.jpeg 24w, https:\/\/lyceerudloff.com\/wp-content\/uploads\/2025\/03\/AmphiPrez-36x24.jpeg 36w, https:\/\/lyceerudloff.com\/wp-content\/uploads\/2025\/03\/AmphiPrez-48x32.jpeg 48w, https:\/\/lyceerudloff.com\/wp-content\/uploads\/2025\/03\/AmphiPrez.jpeg 2048w\" sizes=\"auto, (max-width: 1024px) 100vw, 1024px\" \/><figcaption class=\"wp-element-caption\">Amphi de pr\u00e9sentation de la journ\u00e9e <em>\u00ab\u00a0Filles et Sciences\u00a0\u00bb<\/em> \u00e0 l&rsquo;ENSAE<\/figcaption><\/figure>\n<\/figure>\n\n\n\n<div style=\"height:50px\" aria-hidden=\"true\" class=\"wp-block-spacer\"><\/div>\n\n\n\n<p>Le reste de l&rsquo;apr\u00e8s-midi f\u00fbt d\u00e9di\u00e9 \u00e0 l&rsquo;\u00e9change avec des \u00ab\u00a0tables rondes\u00a0\u00bb avec des professionnelles. Nos \u00e9l\u00e8ves ont pu choisir 2 ateliers parmi une panoplie de th\u00e9matiques : IA, ing\u00e9nierie et innovation, sant\u00e9 et biotechnologies, recherche et enseignement, num\u00e9rique et informatique, a\u00e9ronautique et a\u00e9rospatial ou encore le d\u00e9veloppement durable.<\/p>\n\n\n\n<p>Durant ces ateliers, les professionnelles ont partag\u00e9 leurs parcours et pr\u00e9sent\u00e9 leurs m\u00e9tiers afin d&rsquo;inspirer nos \u00e9l\u00e8ves \u00e0 poursuivre une carri\u00e8re scientifique d&rsquo;excellence. Chaque atelier s&rsquo;est clos par une s\u00e9ance de questions-r\u00e9ponses et d&rsquo;\u00e9changes directes avec les lyc\u00e9ennes.<\/p>\n\n\n\n<figure class=\"wp-block-gallery has-nested-images columns-default is-cropped wp-block-gallery-4 is-layout-flex wp-block-gallery-is-layout-flex\">\n<figure class=\"wp-block-image size-large\"><img loading=\"lazy\" decoding=\"async\" width=\"1024\" height=\"768\" data-id=\"12404\" src=\"https:\/\/lyceerudloff.com\/wp-content\/uploads\/2025\/03\/Atelier2-1024x768.jpeg\" alt=\"\" class=\"wp-image-12404\" srcset=\"https:\/\/lyceerudloff.com\/wp-content\/uploads\/2025\/03\/Atelier2-1024x768.jpeg 1024w, https:\/\/lyceerudloff.com\/wp-content\/uploads\/2025\/03\/Atelier2-300x225.jpeg 300w, https:\/\/lyceerudloff.com\/wp-content\/uploads\/2025\/03\/Atelier2-768x576.jpeg 768w, https:\/\/lyceerudloff.com\/wp-content\/uploads\/2025\/03\/Atelier2-1536x1152.jpeg 1536w, https:\/\/lyceerudloff.com\/wp-content\/uploads\/2025\/03\/Atelier2-24x18.jpeg 24w, https:\/\/lyceerudloff.com\/wp-content\/uploads\/2025\/03\/Atelier2-36x27.jpeg 36w, https:\/\/lyceerudloff.com\/wp-content\/uploads\/2025\/03\/Atelier2-48x36.jpeg 48w, https:\/\/lyceerudloff.com\/wp-content\/uploads\/2025\/03\/Atelier2.jpeg 2048w\" sizes=\"auto, (max-width: 1024px) 100vw, 1024px\" \/><figcaption class=\"wp-element-caption\">Atelier <em>\u00ab\u00a0Ing\u00e9nierie et Innovation\u00a0\u00bb<\/em><\/figcaption><\/figure>\n\n\n\n<figure class=\"wp-block-image size-large\"><img loading=\"lazy\" decoding=\"async\" width=\"1024\" height=\"683\" data-id=\"12403\" src=\"https:\/\/lyceerudloff.com\/wp-content\/uploads\/2025\/03\/Atelier-1024x683.jpeg\" alt=\"\" class=\"wp-image-12403\" srcset=\"https:\/\/lyceerudloff.com\/wp-content\/uploads\/2025\/03\/Atelier-1024x683.jpeg 1024w, https:\/\/lyceerudloff.com\/wp-content\/uploads\/2025\/03\/Atelier-300x200.jpeg 300w, https:\/\/lyceerudloff.com\/wp-content\/uploads\/2025\/03\/Atelier-768x512.jpeg 768w, https:\/\/lyceerudloff.com\/wp-content\/uploads\/2025\/03\/Atelier-1536x1024.jpeg 1536w, https:\/\/lyceerudloff.com\/wp-content\/uploads\/2025\/03\/Atelier-24x16.jpeg 24w, https:\/\/lyceerudloff.com\/wp-content\/uploads\/2025\/03\/Atelier-36x24.jpeg 36w, https:\/\/lyceerudloff.com\/wp-content\/uploads\/2025\/03\/Atelier-48x32.jpeg 48w, https:\/\/lyceerudloff.com\/wp-content\/uploads\/2025\/03\/Atelier.jpeg 2048w\" sizes=\"auto, (max-width: 1024px) 100vw, 1024px\" \/><figcaption class=\"wp-element-caption\">Atelier <em>\u00ab\u00a0\u00c9conomie et statistiques\u00a0\u00bb<\/em><\/figcaption><\/figure>\n<\/figure>\n\n\n\n<div style=\"height:50px\" aria-hidden=\"true\" class=\"wp-block-spacer\"><\/div>\n\n\n\n<p>Malgr\u00e9 un retour un peu mouvement\u00e9 en TGV, cette journ\u00e9e a permis \u00e0 nos \u00e9l\u00e8ves d&rsquo;\u00e9largir leurs horizons, de d\u00e9couvrir l&rsquo;envers de certains m\u00e9tiers, de peaufiner leur projet professionnel, et surtout de s&rsquo;inspirer du parcours des intervenantes rencontr\u00e9es pour se sensibiliser aux dangers de <strong>l&rsquo;autocensure<\/strong>, fl\u00e9au dans lequel tombe beaucoup d&rsquo;\u00e9tudiants, majoritairement des filles malheureusement.<\/p>\n","protected":false},"excerpt":{"rendered":"<p>Une initiative \u00e0 grande \u00e9chelle \u00c0 l\u2019occasion de la journ\u00e9e internationale des droits des femmes et dans le cadre du programme Cord\u00e9es de la r\u00e9ussite, 11 des nos \u00e9l\u00e8ves en classe de Seconde et de Premi\u00e8re se sont rendues ce samedi 08\/03 au campus de l\u2019\u00e9cole Polytechnique \u00e0 Paris en compagnie de&nbsp;M. BRADAI, l\u2019assistant Polytechnicien [&hellip;]<\/p>\n","protected":false},"author":51,"featured_media":12414,"comment_status":"closed","ping_status":"closed","sticky":false,"template":"","format":"standard","meta":{"footnotes":""},"categories":[26,35],"tags":[72],"class_list":["post-12398","post","type-post","status-publish","format-standard","has-post-thumbnail","hentry","category-pole-scientifique","category-vie-de-letablissement","tag-cordees-de-la-reussite"],"_links":{"self":[{"href":"https:\/\/lyceerudloff.com\/index.php\/wp-json\/wp\/v2\/posts\/12398","targetHints":{"allow":["GET"]}}],"collection":[{"href":"https:\/\/lyceerudloff.com\/index.php\/wp-json\/wp\/v2\/posts"}],"about":[{"href":"https:\/\/lyceerudloff.com\/index.php\/wp-json\/wp\/v2\/types\/post"}],"author":[{"embeddable":true,"href":"https:\/\/lyceerudloff.com\/index.php\/wp-json\/wp\/v2\/users\/51"}],"replies":[{"embeddable":true,"href":"https:\/\/lyceerudloff.com\/index.php\/wp-json\/wp\/v2\/comments?post=12398"}],"version-history":[{"count":12,"href":"https:\/\/lyceerudloff.com\/index.php\/wp-json\/wp\/v2\/posts\/12398\/revisions"}],"predecessor-version":[{"id":12432,"href":"https:\/\/lyceerudloff.com\/index.php\/wp-json\/wp\/v2\/posts\/12398\/revisions\/12432"}],"wp:featuredmedia":[{"embeddable":true,"href":"https:\/\/lyceerudloff.com\/index.php\/wp-json\/wp\/v2\/media\/12414"}],"wp:attachment":[{"href":"https:\/\/lyceerudloff.com\/index.php\/wp-json\/wp\/v2\/media?parent=12398"}],"wp:term":[{"taxonomy":"category","embeddable":true,"href":"https:\/\/lyceerudloff.com\/index.php\/wp-json\/wp\/v2\/categories?post=12398"},{"taxonomy":"post_tag","embeddable":true,"href":"https:\/\/lyceerudloff.com\/index.php\/wp-json\/wp\/v2\/tags?post=12398"}],"curies":[{"name":"wp","href":"https:\/\/api.w.org\/{rel}","templated":true}]}}