{"id":14201,"date":"2025-10-03T15:44:42","date_gmt":"2025-10-03T13:44:42","guid":{"rendered":"https:\/\/lyceerudloff.com\/?p=14201"},"modified":"2025-10-03T15:44:42","modified_gmt":"2025-10-03T13:44:42","slug":"premiere-edition-du-book-club","status":"publish","type":"post","link":"https:\/\/lyceerudloff.com\/index.php\/2025\/10\/03\/premiere-edition-du-book-club\/","title":{"rendered":"Premi\u00e8re \u00e9dition du Book Club\u00a0"},"content":{"rendered":"\n<p>La premi\u00e8re rencontre du <strong><mark style=\"background-color:rgba(0, 0, 0, 0);color:#267c5c\" class=\"has-inline-color\">Book Club<\/mark><\/strong> \ud83d\udcda s&rsquo;est d\u00e9roul\u00e9e aujourd&rsquo;hui, le 3 octobre, dans une ambiance conviviale et passionnante !\u00a0<\/p>\n\n\n\n<p>Chacun a pu <strong>partager ses coups de c\u0153ur<\/strong> du moment, \u00e9changer autour d<strong>&lsquo;\u0153uvres vari\u00e9es<\/strong> et d\u00e9couvrir de<strong> nouvelles id\u00e9es de lecture<\/strong>. Des sujets s\u00e9rieux comme plus l\u00e9ger ont anim\u00e9s les discussions, pour le plus grand plaisir des participants.<\/p>\n\n\n\n<h2 class=\"wp-block-heading\">Rendez-vous pour la prochaine s\u00e9ance le jeudi 3 novembre avec encore plus de d\u00e9couvertes litt\u00e9raires \u00e0 partager !&nbsp;<\/h2>\n","protected":false},"excerpt":{"rendered":"<p>La premi\u00e8re rencontre du Book Club \ud83d\udcda s&rsquo;est d\u00e9roul\u00e9e aujourd&rsquo;hui, le 3 octobre, dans une ambiance conviviale et passionnante !\u00a0 Chacun a pu partager ses coups de c\u0153ur du moment, \u00e9changer autour d&lsquo;\u0153uvres vari\u00e9es et d\u00e9couvrir de nouvelles id\u00e9es de lecture. Des sujets s\u00e9rieux comme plus l\u00e9ger ont anim\u00e9s les discussions, pour le plus grand [&hellip;]<\/p>\n","protected":false},"author":18,"featured_media":14202,"comment_status":"closed","ping_status":"","sticky":false,"template":"","format":"standard","meta":{"footnotes":""},"categories":[35],"tags":[209,23],"class_list":["post-14201","post","type-post","status-publish","format-standard","has-post-thumbnail","hentry","category-vie-de-letablissement","tag-bookclub","tag-cdi-lecture"],"_links":{"self":[{"href":"https:\/\/lyceerudloff.com\/index.php\/wp-json\/wp\/v2\/posts\/14201","targetHints":{"allow":["GET"]}}],"collection":[{"href":"https:\/\/lyceerudloff.com\/index.php\/wp-json\/wp\/v2\/posts"}],"about":[{"href":"https:\/\/lyceerudloff.com\/index.php\/wp-json\/wp\/v2\/types\/post"}],"author":[{"embeddable":true,"href":"https:\/\/lyceerudloff.com\/index.php\/wp-json\/wp\/v2\/users\/18"}],"replies":[{"embeddable":true,"href":"https:\/\/lyceerudloff.com\/index.php\/wp-json\/wp\/v2\/comments?post=14201"}],"version-history":[{"count":1,"href":"https:\/\/lyceerudloff.com\/index.php\/wp-json\/wp\/v2\/posts\/14201\/revisions"}],"predecessor-version":[{"id":14203,"href":"https:\/\/lyceerudloff.com\/index.php\/wp-json\/wp\/v2\/posts\/14201\/revisions\/14203"}],"wp:featuredmedia":[{"embeddable":true,"href":"https:\/\/lyceerudloff.com\/index.php\/wp-json\/wp\/v2\/media\/14202"}],"wp:attachment":[{"href":"https:\/\/lyceerudloff.com\/index.php\/wp-json\/wp\/v2\/media?parent=14201"}],"wp:term":[{"taxonomy":"category","embeddable":true,"href":"https:\/\/lyceerudloff.com\/index.php\/wp-json\/wp\/v2\/categories?post=14201"},{"taxonomy":"post_tag","embeddable":true,"href":"https:\/\/lyceerudloff.com\/index.php\/wp-json\/wp\/v2\/tags?post=14201"}],"curies":[{"name":"wp","href":"https:\/\/api.w.org\/{rel}","templated":true}]}}