{"id":14717,"date":"2026-01-21T17:47:51","date_gmt":"2026-01-21T16:47:51","guid":{"rendered":"https:\/\/lyceerudloff.com\/?p=14717"},"modified":"2026-03-04T16:05:10","modified_gmt":"2026-03-04T15:05:10","slug":"journee-portes-ouvertes-2","status":"publish","type":"post","link":"https:\/\/lyceerudloff.com\/index.php\/2026\/01\/21\/journee-portes-ouvertes-2\/","title":{"rendered":"Journ\u00e9e portes ouvertes 2026"},"content":{"rendered":"\n<p>Comme chaque ann\u00e9e mais avec enthousiasme, toutes les \u00e9quipes du lyc\u00e9e se mobilisent pour la <strong>journ\u00e9e \u00ab portes ouvertes \u00bb<\/strong> :<\/p>\n\n\n\n<h2 class=\"wp-block-heading has-text-align-center has-vivid-red-color has-white-background-color has-text-color has-background has-link-color wp-elements-50ca0c525b2f7a353a1269518249be54\">le samedi 7 mars de 8h30 \u00e0 13h30<br>Venez nombreux !<\/h2>\n\n\n\n<p>Tous les enseignants et de nombreux \u00e9l\u00e8ves se mobilisent et pr\u00e9sentent <strong>nos fili\u00e8res et nos sp\u00e9cificit\u00e9s<\/strong>, avec des d\u00e9monstrations, des pr\u00e9sentations&#8230;<\/p>\n\n\n\n<p>Toute une \u00e9quipe d&rsquo;\u00e9l\u00e8ves s&rsquo;organise pour vous servir de guides pour une meilleure exp\u00e9rience&#8230;<\/p>\n\n\n\n<p><em><strong>Petite restauration pr\u00e9vue sur place (caf\u00e9, viennoiseries, lasagnes)&#8230;<\/strong><\/em><\/p>\n\n\n\n<h2 class=\"wp-block-heading has-white-color has-text-color has-background has-link-color wp-elements-f442a2681cecd22199e4602f5a8703ad\" style=\"background-color:#0745e3\">Programme complet :<\/h2>\n\n\n\n<div data-wp-interactive=\"core\/file\" class=\"wp-block-file\"><object data-wp-bind--hidden=\"!state.hasPdfPreview\" hidden class=\"wp-block-file__embed\" data=\"https:\/\/lyceerudloff.com\/wp-content\/uploads\/2026\/01\/JPO-2026-Plan.pdf\" type=\"application\/pdf\" style=\"width:100%;height:600px\" aria-label=\"Contenu embarqu\u00e9 JPO 2026 - Plan.\"><\/object><a id=\"wp-block-file--media-3d22d3a3-f0ad-42cf-b601-65932c054f0a\" href=\"https:\/\/lyceerudloff.com\/wp-content\/uploads\/2026\/01\/JPO-2026-Plan.pdf\">JPO 2026 &#8211; Plan<\/a><a href=\"https:\/\/lyceerudloff.com\/wp-content\/uploads\/2026\/01\/JPO-2026-Plan.pdf\" class=\"wp-block-file__button wp-element-button\" download aria-describedby=\"wp-block-file--media-3d22d3a3-f0ad-42cf-b601-65932c054f0a\">T\u00e9l\u00e9charger<\/a><\/div>\n","protected":false},"excerpt":{"rendered":"<p>Comme chaque ann\u00e9e mais avec enthousiasme, toutes les \u00e9quipes du lyc\u00e9e se mobilisent pour la journ\u00e9e \u00ab portes ouvertes \u00bb : le samedi 7 mars de 8h30 \u00e0 13h30Venez nombreux ! Tous les enseignants et de nombreux \u00e9l\u00e8ves se mobilisent et pr\u00e9sentent nos fili\u00e8res et nos sp\u00e9cificit\u00e9s, avec des d\u00e9monstrations, des pr\u00e9sentations&#8230; Toute une \u00e9quipe [&hellip;]<\/p>\n","protected":false},"author":18,"featured_media":14718,"comment_status":"closed","ping_status":"","sticky":false,"template":"","format":"standard","meta":{"footnotes":""},"categories":[54,35],"tags":[201],"class_list":["post-14717","post","type-post","status-publish","format-standard","has-post-thumbnail","hentry","category-questions-pratiques-faq","category-vie-de-letablissement","tag-parents"],"_links":{"self":[{"href":"https:\/\/lyceerudloff.com\/index.php\/wp-json\/wp\/v2\/posts\/14717","targetHints":{"allow":["GET"]}}],"collection":[{"href":"https:\/\/lyceerudloff.com\/index.php\/wp-json\/wp\/v2\/posts"}],"about":[{"href":"https:\/\/lyceerudloff.com\/index.php\/wp-json\/wp\/v2\/types\/post"}],"author":[{"embeddable":true,"href":"https:\/\/lyceerudloff.com\/index.php\/wp-json\/wp\/v2\/users\/18"}],"replies":[{"embeddable":true,"href":"https:\/\/lyceerudloff.com\/index.php\/wp-json\/wp\/v2\/comments?post=14717"}],"version-history":[{"count":9,"href":"https:\/\/lyceerudloff.com\/index.php\/wp-json\/wp\/v2\/posts\/14717\/revisions"}],"predecessor-version":[{"id":14826,"href":"https:\/\/lyceerudloff.com\/index.php\/wp-json\/wp\/v2\/posts\/14717\/revisions\/14826"}],"wp:featuredmedia":[{"embeddable":true,"href":"https:\/\/lyceerudloff.com\/index.php\/wp-json\/wp\/v2\/media\/14718"}],"wp:attachment":[{"href":"https:\/\/lyceerudloff.com\/index.php\/wp-json\/wp\/v2\/media?parent=14717"}],"wp:term":[{"taxonomy":"category","embeddable":true,"href":"https:\/\/lyceerudloff.com\/index.php\/wp-json\/wp\/v2\/categories?post=14717"},{"taxonomy":"post_tag","embeddable":true,"href":"https:\/\/lyceerudloff.com\/index.php\/wp-json\/wp\/v2\/tags?post=14717"}],"curies":[{"name":"wp","href":"https:\/\/api.w.org\/{rel}","templated":true}]}}