{"id":14723,"date":"2026-01-21T18:00:14","date_gmt":"2026-01-21T17:00:14","guid":{"rendered":"https:\/\/lyceerudloff.com\/?p=14723"},"modified":"2026-02-11T11:38:16","modified_gmt":"2026-02-11T10:38:16","slug":"reunion-a-destination-des-parents-deleves-de-troisieme","status":"publish","type":"post","link":"https:\/\/lyceerudloff.com\/index.php\/2026\/01\/21\/reunion-a-destination-des-parents-deleves-de-troisieme\/","title":{"rendered":"R\u00e9union \u00e0 destination des parents d&rsquo;\u00e9l\u00e8ves de troisi\u00e8me"},"content":{"rendered":"\n<h2 class=\"wp-block-heading has-text-align-center has-vivid-cyan-blue-color has-text-color has-link-color wp-elements-94df00f27707fb2063ace3a102f42b41\"><br>Vendredi 6 f\u00e9vrier <br>Salle polyvalente \u2013 18h<\/h2>\n\n\n\n<p class=\"has-medium-font-size\">On y a pr\u00e9sent\u00e9 le lyc\u00e9e, les fili\u00e8res, les sp\u00e9cificit\u00e9s de notre \u00e9tablissement, les enjeux, l&rsquo;entr\u00e9e en seconde&#8230;<\/p>\n\n\n\n<h3 class=\"wp-block-heading has-text-align-center has-text-color has-link-color wp-elements-11869229de48aa5829a1fc66f28ebee5\" style=\"color:#214f6a\">Merci d&rsquo;\u00eatre venus nombreux d\u00e9couvrir notre \u00e9tablissement !<\/h3>\n\n\n\n<div style=\"height:9px\" aria-hidden=\"true\" class=\"wp-block-spacer\"><\/div>\n\n\n\n<h2 class=\"wp-block-heading\">Le diaporama pr\u00e9sent\u00e9 ci-dessous :<\/h2>\n\n\n\n<div data-wp-interactive=\"core\/file\" class=\"wp-block-file\"><object data-wp-bind--hidden=\"!state.hasPdfPreview\" hidden class=\"wp-block-file__embed\" data=\"https:\/\/lyceerudloff.com\/wp-content\/uploads\/2026\/02\/Presentation-LYCEE-version-2026.pdf\" type=\"application\/pdf\" style=\"width:100%;height:600px\" aria-label=\"Contenu embarqu\u00e9 Pr\u00e9sentation LYCEE version 2026.\"><\/object><a id=\"wp-block-file--media-0ed8ba41-fa0d-4019-96f0-c3ceee1ffa1b\" href=\"https:\/\/lyceerudloff.com\/wp-content\/uploads\/2026\/02\/Presentation-LYCEE-version-2026.pdf\">Pr\u00e9sentation LYCEE version 2026<\/a><a href=\"https:\/\/lyceerudloff.com\/wp-content\/uploads\/2026\/02\/Presentation-LYCEE-version-2026.pdf\" class=\"wp-block-file__button wp-element-button\" download aria-describedby=\"wp-block-file--media-0ed8ba41-fa0d-4019-96f0-c3ceee1ffa1b\">T\u00e9l\u00e9charger<\/a><\/div>\n","protected":false},"excerpt":{"rendered":"<p>Vendredi 6 f\u00e9vrier Salle polyvalente \u2013 18h On y a pr\u00e9sent\u00e9 le lyc\u00e9e, les fili\u00e8res, les sp\u00e9cificit\u00e9s de notre \u00e9tablissement, les enjeux, l&rsquo;entr\u00e9e en seconde&#8230; Merci d&rsquo;\u00eatre venus nombreux d\u00e9couvrir notre \u00e9tablissement ! Le diaporama pr\u00e9sent\u00e9 ci-dessous :<\/p>\n","protected":false},"author":18,"featured_media":14789,"comment_status":"closed","ping_status":"","sticky":false,"template":"","format":"standard","meta":{"footnotes":""},"categories":[126,54,35],"tags":[201],"class_list":["post-14723","post","type-post","status-publish","format-standard","has-post-thumbnail","hentry","category-orientation","category-questions-pratiques-faq","category-vie-de-letablissement","tag-parents"],"_links":{"self":[{"href":"https:\/\/lyceerudloff.com\/index.php\/wp-json\/wp\/v2\/posts\/14723","targetHints":{"allow":["GET"]}}],"collection":[{"href":"https:\/\/lyceerudloff.com\/index.php\/wp-json\/wp\/v2\/posts"}],"about":[{"href":"https:\/\/lyceerudloff.com\/index.php\/wp-json\/wp\/v2\/types\/post"}],"author":[{"embeddable":true,"href":"https:\/\/lyceerudloff.com\/index.php\/wp-json\/wp\/v2\/users\/18"}],"replies":[{"embeddable":true,"href":"https:\/\/lyceerudloff.com\/index.php\/wp-json\/wp\/v2\/comments?post=14723"}],"version-history":[{"count":6,"href":"https:\/\/lyceerudloff.com\/index.php\/wp-json\/wp\/v2\/posts\/14723\/revisions"}],"predecessor-version":[{"id":14792,"href":"https:\/\/lyceerudloff.com\/index.php\/wp-json\/wp\/v2\/posts\/14723\/revisions\/14792"}],"wp:featuredmedia":[{"embeddable":true,"href":"https:\/\/lyceerudloff.com\/index.php\/wp-json\/wp\/v2\/media\/14789"}],"wp:attachment":[{"href":"https:\/\/lyceerudloff.com\/index.php\/wp-json\/wp\/v2\/media?parent=14723"}],"wp:term":[{"taxonomy":"category","embeddable":true,"href":"https:\/\/lyceerudloff.com\/index.php\/wp-json\/wp\/v2\/categories?post=14723"},{"taxonomy":"post_tag","embeddable":true,"href":"https:\/\/lyceerudloff.com\/index.php\/wp-json\/wp\/v2\/tags?post=14723"}],"curies":[{"name":"wp","href":"https:\/\/api.w.org\/{rel}","templated":true}]}}