{"id":14920,"date":"2026-03-12T17:22:53","date_gmt":"2026-03-12T16:22:53","guid":{"rendered":"https:\/\/lyceerudloff.com\/?p=14920"},"modified":"2026-03-12T17:24:03","modified_gmt":"2026-03-12T16:24:03","slug":"rencontre-entre-germanistes-stmg-et-kaufmannische-schulen-doffenbourg","status":"publish","type":"post","link":"https:\/\/lyceerudloff.com\/index.php\/2026\/03\/12\/rencontre-entre-germanistes-stmg-et-kaufmannische-schulen-doffenbourg\/","title":{"rendered":"Rencontre entre germanistes STMG et kaufm\u00e4nnische Schulen d&rsquo;Offenbourg"},"content":{"rendered":"\n<p>La troisi\u00e8me rencontre entre les <strong>14 \u00e9l\u00e8ves des kaufm\u00e4nnische Schulen d&rsquo;Offenbourg<\/strong> et les <strong>27 germanistes de la premi\u00e8re STMG<\/strong> a eu lieu le jeudi 5 mars, sous un soleil printanier. Le fil conducteur a \u00e9t\u00e9 la relation franco-allemande et la construction europ\u00e9enne.<\/p>\n\n\n\n<p>Depuis la Place de la R\u00e9publique et le monument aux morts jusqu&rsquo;\u00e0 l&rsquo;exposition du Lieu d&rsquo;Europe en passant par les diff\u00e9rentes institutions europ\u00e9ennes, les \u00e9l\u00e8ves ont continu\u00e9 \u00e0 travailler ensemble et \u00e0 tisser des liens.<\/p>\n\n\n\n<figure class=\"wp-block-gallery has-nested-images columns-default is-cropped wp-block-gallery-1 is-layout-flex wp-block-gallery-is-layout-flex\">\n<figure class=\"wp-block-image size-large\"><a href=\"https:\/\/lyceerudloff.com\/wp-content\/uploads\/2026\/03\/franco-allemand-1-rotated.jpg\"><img loading=\"lazy\" decoding=\"async\" width=\"768\" height=\"1024\" data-id=\"14922\" src=\"https:\/\/lyceerudloff.com\/wp-content\/uploads\/2026\/03\/franco-allemand-1-768x1024.jpg\" alt=\"\" class=\"wp-image-14922\" srcset=\"https:\/\/lyceerudloff.com\/wp-content\/uploads\/2026\/03\/franco-allemand-1-768x1024.jpg 768w, https:\/\/lyceerudloff.com\/wp-content\/uploads\/2026\/03\/franco-allemand-1-225x300.jpg 225w, https:\/\/lyceerudloff.com\/wp-content\/uploads\/2026\/03\/franco-allemand-1-rotated.jpg 1071w\" sizes=\"auto, (max-width: 768px) 100vw, 768px\" \/><\/a><\/figure>\n\n\n\n<figure class=\"wp-block-image size-large\"><a href=\"https:\/\/lyceerudloff.com\/wp-content\/uploads\/2026\/03\/franco-allemand-2-rotated.jpg\"><img loading=\"lazy\" decoding=\"async\" width=\"768\" height=\"1024\" data-id=\"14923\" src=\"https:\/\/lyceerudloff.com\/wp-content\/uploads\/2026\/03\/franco-allemand-2-768x1024.jpg\" alt=\"\" class=\"wp-image-14923\" srcset=\"https:\/\/lyceerudloff.com\/wp-content\/uploads\/2026\/03\/franco-allemand-2-768x1024.jpg 768w, https:\/\/lyceerudloff.com\/wp-content\/uploads\/2026\/03\/franco-allemand-2-225x300.jpg 225w, https:\/\/lyceerudloff.com\/wp-content\/uploads\/2026\/03\/franco-allemand-2-rotated.jpg 1071w\" sizes=\"auto, (max-width: 768px) 100vw, 768px\" \/><\/a><\/figure>\n<\/figure>\n\n\n\n<p>Dernier rendez-vous de l&rsquo;ann\u00e9e: mercredi 6 mai pour une d\u00e9couverte d&rsquo;une grande entreprise familiale, sp\u00e9cialis\u00e9e dans les loopings et dont la mascotte est une souris au T-shirt jaune et bleu&#8230;<\/p>\n\n\n\n<h2 class=\"wp-block-heading has-text-align-right\">Na, habt ihr schon gefunden, wo wir hinfahren\u2026?<\/h2>\n","protected":false},"excerpt":{"rendered":"<p>La troisi\u00e8me rencontre entre les 14 \u00e9l\u00e8ves des kaufm\u00e4nnische Schulen d&rsquo;Offenbourg et les 27 germanistes de la premi\u00e8re STMG a eu lieu le jeudi 5 mars, sous un soleil printanier. Le fil conducteur a \u00e9t\u00e9 la relation franco-allemande et la construction europ\u00e9enne. Depuis la Place de la R\u00e9publique et le monument aux morts jusqu&rsquo;\u00e0 l&rsquo;exposition [&hellip;]<\/p>\n","protected":false},"author":18,"featured_media":14921,"comment_status":"closed","ping_status":"","sticky":false,"template":"","format":"standard","meta":{"footnotes":""},"categories":[27,176],"tags":[48,170,49],"class_list":["post-14920","post","type-post","status-publish","format-standard","has-post-thumbnail","hentry","category-pole-international","category-pole-technologique","tag-allemand","tag-stmg","tag-voyages-echanges"],"_links":{"self":[{"href":"https:\/\/lyceerudloff.com\/index.php\/wp-json\/wp\/v2\/posts\/14920","targetHints":{"allow":["GET"]}}],"collection":[{"href":"https:\/\/lyceerudloff.com\/index.php\/wp-json\/wp\/v2\/posts"}],"about":[{"href":"https:\/\/lyceerudloff.com\/index.php\/wp-json\/wp\/v2\/types\/post"}],"author":[{"embeddable":true,"href":"https:\/\/lyceerudloff.com\/index.php\/wp-json\/wp\/v2\/users\/18"}],"replies":[{"embeddable":true,"href":"https:\/\/lyceerudloff.com\/index.php\/wp-json\/wp\/v2\/comments?post=14920"}],"version-history":[{"count":3,"href":"https:\/\/lyceerudloff.com\/index.php\/wp-json\/wp\/v2\/posts\/14920\/revisions"}],"predecessor-version":[{"id":14926,"href":"https:\/\/lyceerudloff.com\/index.php\/wp-json\/wp\/v2\/posts\/14920\/revisions\/14926"}],"wp:featuredmedia":[{"embeddable":true,"href":"https:\/\/lyceerudloff.com\/index.php\/wp-json\/wp\/v2\/media\/14921"}],"wp:attachment":[{"href":"https:\/\/lyceerudloff.com\/index.php\/wp-json\/wp\/v2\/media?parent=14920"}],"wp:term":[{"taxonomy":"category","embeddable":true,"href":"https:\/\/lyceerudloff.com\/index.php\/wp-json\/wp\/v2\/categories?post=14920"},{"taxonomy":"post_tag","embeddable":true,"href":"https:\/\/lyceerudloff.com\/index.php\/wp-json\/wp\/v2\/tags?post=14920"}],"curies":[{"name":"wp","href":"https:\/\/api.w.org\/{rel}","templated":true}]}}