{"id":3947,"date":"2021-03-17T10:59:58","date_gmt":"2021-03-17T09:59:58","guid":{"rendered":"https:\/\/lyceerudloff.com\/?p=3947"},"modified":"2022-10-02T20:31:38","modified_gmt":"2022-10-02T18:31:38","slug":"prix-bernard-marie-koltes-au-lycee","status":"publish","type":"post","link":"https:\/\/lyceerudloff.com\/index.php\/2021\/03\/17\/prix-bernard-marie-koltes-au-lycee\/","title":{"rendered":"Prix Bernard-Marie Kolt\u00e8s au lyc\u00e9e"},"content":{"rendered":"\n<p>Cette ann\u00e9e les classes de Seconde GT7 et Terminale MEI de Mmes Koenig et Schoumacker participent au prix des lyc\u00e9ens Bernard-Marie Kolt\u00e8s en partenariat avec le Th\u00e9\u00e2tre National de Strasbourg.<\/p>\n\n\n\n<p>Il s\u2019agit pour les \u00e9l\u00e8ves de lire, analyser et mettre en voix trois pi\u00e8ces de th\u00e9\u00e2tre contemporain et d\u2019\u00e9lire, apr\u00e8s une s\u00e9ance de d\u00e9bats argument\u00e9s, leur texte pr\u00e9f\u00e9r\u00e9.<\/p>\n\n\n\n<p>Pour les accompagner, les \u00e9l\u00e8ves b\u00e9n\u00e9ficient de 14 heures en pr\u00e9sence d\u2019intervenant\u00b7e\u00b7s du TNS, com\u00e9dien\u00b7ne\u00b7s et metteurs\u00b7se\u00b7s en sc\u00e8ne.<\/p>\n\n\n\n<p>Cette ann\u00e9e, les 3 pi\u00e8ces qui concourent pour le prix sont&nbsp;:<\/p>\n\n\n\n<p><em>Ch\u00e9rie\u00b7s de l\u2019ombre<\/em> de Manon Ona<\/p>\n\n\n\n<p><em>La chute des com\u00e8tes et des astronautes<\/em> de Marina Skalova<\/p>\n\n\n\n<p><em>Les inamovibles<\/em> de S\u00e8djro Giovanni Houansou<\/p>\n\n\n\n<p>A l\u2019issue du choix des lyc\u00e9ens, un\u00b7e \u00e9l\u00e8ve repr\u00e9sentera l\u2019\u00e9tablissement lors d\u2019une conf\u00e9rence de presse et l\u2019ensemble des participant\u00b7e\u00b7s sera invit\u00e9 \u00e0 la c\u00e9r\u00e9monie de remise du prix au\u00b7\u00e0 la laur\u00e9at\u00b7e.<\/p>\n\n\n\n<p>Le projet rencontre un franc succ\u00e8s aupr\u00e8s des \u00e9l\u00e8ves, qui ont l\u2019occasion de se confronter aux textes de litt\u00e9rature dramatique contemporaine, de mettre en sc\u00e8ne et jouer des extraits des pi\u00e8ces et de participer \u00e0 la mise en lumi\u00e8re de la carri\u00e8re de jeunes auteur\u00b7rice\u00b7s.<\/p>\n","protected":false},"excerpt":{"rendered":"<p>Cette ann\u00e9e les classes de Seconde GT7 et Terminale MEI de Mmes Koenig et Schoumacker participent au prix des lyc\u00e9ens Bernard-Marie Kolt\u00e8s en partenariat avec le Th\u00e9\u00e2tre National de Strasbourg.<\/p>\n","protected":false},"author":8,"featured_media":3948,"comment_status":"closed","ping_status":"open","sticky":false,"template":"","format":"standard","meta":{"footnotes":""},"categories":[25],"tags":[23,130,53],"class_list":["post-3947","post","type-post","status-publish","format-standard","has-post-thumbnail","hentry","category-pole-humanites","tag-cdi-lecture","tag-francais","tag-theatre"],"_links":{"self":[{"href":"https:\/\/lyceerudloff.com\/index.php\/wp-json\/wp\/v2\/posts\/3947","targetHints":{"allow":["GET"]}}],"collection":[{"href":"https:\/\/lyceerudloff.com\/index.php\/wp-json\/wp\/v2\/posts"}],"about":[{"href":"https:\/\/lyceerudloff.com\/index.php\/wp-json\/wp\/v2\/types\/post"}],"author":[{"embeddable":true,"href":"https:\/\/lyceerudloff.com\/index.php\/wp-json\/wp\/v2\/users\/8"}],"replies":[{"embeddable":true,"href":"https:\/\/lyceerudloff.com\/index.php\/wp-json\/wp\/v2\/comments?post=3947"}],"version-history":[{"count":7,"href":"https:\/\/lyceerudloff.com\/index.php\/wp-json\/wp\/v2\/posts\/3947\/revisions"}],"predecessor-version":[{"id":3955,"href":"https:\/\/lyceerudloff.com\/index.php\/wp-json\/wp\/v2\/posts\/3947\/revisions\/3955"}],"wp:featuredmedia":[{"embeddable":true,"href":"https:\/\/lyceerudloff.com\/index.php\/wp-json\/wp\/v2\/media\/3948"}],"wp:attachment":[{"href":"https:\/\/lyceerudloff.com\/index.php\/wp-json\/wp\/v2\/media?parent=3947"}],"wp:term":[{"taxonomy":"category","embeddable":true,"href":"https:\/\/lyceerudloff.com\/index.php\/wp-json\/wp\/v2\/categories?post=3947"},{"taxonomy":"post_tag","embeddable":true,"href":"https:\/\/lyceerudloff.com\/index.php\/wp-json\/wp\/v2\/tags?post=3947"}],"curies":[{"name":"wp","href":"https:\/\/api.w.org\/{rel}","templated":true}]}}