{"id":4892,"date":"2021-06-01T10:00:35","date_gmt":"2021-06-01T08:00:35","guid":{"rendered":"https:\/\/lyceerudloff.com\/?p=4892"},"modified":"2021-07-01T08:25:33","modified_gmt":"2021-07-01T06:25:33","slug":"prix-bernard-marie-koltes-nos-eleves-en-parlent","status":"publish","type":"post","link":"https:\/\/lyceerudloff.com\/index.php\/2021\/06\/01\/prix-bernard-marie-koltes-nos-eleves-en-parlent\/","title":{"rendered":"Prix Bernard-Marie Kolt\u00e8s : nos \u00e9l\u00e8ves en parlent"},"content":{"rendered":"\n<p><strong>Du th\u00e9\u00e2tre \u00e0 tout prix<\/strong><\/p>\n\n\n\n<p>Par Erhan, Kylian, Thibault et Tony, \u00e9l\u00e8ves de seconde GT7<\/p>\n\n\n\n<p class=\"has-drop-cap\">Depuis le d\u00e9but de l\u2019ann\u00e9e, nous, \u00e9l\u00e8ves de 2nd GT7, sommes int\u00e9gr\u00e9s \u00e0 un projet th\u00e9\u00e2tral r\u00e9put\u00e9, \u00e0 l\u2019initiative de notre professeure de fran\u00e7ais, Mme Koenig. Fort heureusement, nous ne sommes pas les seuls ! Huit autres classes de lyc\u00e9es voisins ont \u00e9t\u00e9 embarqu\u00e9es dans l\u2019aventure. Au-del\u00e0 d\u2019un projet, il s\u2019agissait d\u2019un prix jeune de quelques \u00e9ditions auquel nous avons particip\u00e9, un prix \u201cdans l\u2019\u00e8re du temps\u201d, comme nous l\u2019a expliqu\u00e9 une intervenante.&nbsp;<\/p>\n\n\n\n<p>Portant le nom de l\u2019auteur dramatique Bernard-Marie Kolt\u00e8s, ce prix BMK a \u00e9t\u00e9 soutenu par le th\u00e9\u00e2tre national de Strasbourg, qui encadrait ce projet en faisant intervenir ses com\u00e9diens notamment. Ainsi, m\u00eame si le slogan de ce prix indique que l&rsquo;objectif principal est de \u201cprolonger le geste\u201d, nous avons constat\u00e9 qu\u2019il nous a permis de \u201cprolonger notre voix\u201d, comme le souligne Kylian, qui estime avoir combl\u00e9 quelques-unes de ses lacunes \u00e0 l\u2019oral (hormis le bavardage bien entendu ;)).&nbsp;<\/p>\n\n\n\n<p>Aussi, comme le remarque Erhan qui pense avoir fait assez de th\u00e9\u00e2tre depuis le d\u00e9but de l\u2019ann\u00e9e, notre participation permet tout simplement de \u201cprolonger le programme\u201d, nous l\u2019a-t-il fait remarquer en faisant tout un cin\u00e9ma. Sauf que derri\u00e8re lui, Thibault n\u2019\u00e9tait pas de cet avis, \u201cc\u2019est pas vraiment le m\u00eame th\u00e9\u00e2tre\u201d lui r\u00e9torqua-t-il, tr\u00e8s fier de ses qualit\u00e9s de d\u00e9batteur remarqu\u00e9es lors de la derni\u00e8re s\u00e9ance. Tr\u00e8s vite, Tony, qui se trouvait juste \u00e0 c\u00f4t\u00e9, compl\u00e8te ce propos : \u201con ne peut pas vraiment comparer Oedipe Roi de Sophocle (pi\u00e8ce \u00e9tudi\u00e9e en cours) avec celle de Marina Skalova (l\u2019un des trois textes du prix BMK) m\u00eame si elles abordent un sujet assez similaire ; l\u2019une est classique alors que l\u2019autre traite ce sujet d\u2019une fa\u00e7on plus contemporaine, c\u2019est compl\u00e8tement diff\u00e9rent\u201d.&nbsp;<\/p>\n\n\n\n<p>C\u2019est ce principe qu\u2019ont voulu nous faire remarquer nos intervenants tout au long du projet, le th\u00e9\u00e2tre contemporain emprunte des chemins jusqu\u2019alors jamais foul\u00e9s : on pourrait penser qu\u2019un sujet tel que la prostitution n\u2019est pas assez noble pour une pi\u00e8ce de th\u00e9\u00e2tre, mais c\u2019est tout le contraire. C\u2019est pour cela que nous avons eu un r\u00f4le crucial, nous allons sans doute mettre la lumi\u00e8re sur un sujet d\u2019actualit\u00e9, une pi\u00e8ce, un auteur, qui se verra alors r\u00e9compens\u00e9 par un prix de 3000 euros mais aussi aid\u00e9 \u00e0 hauteur de 15 000 euros pour la r\u00e9alisation de la mise en sc\u00e8ne de sa pi\u00e8ce.&nbsp;<\/p>\n\n\n\n<p>Par cons\u00e9quent, ce prix joue un vrai r\u00f4le de tremplin : nous allons donner la chance \u00e0 un(e) auteur(e) de poursuivre son projet d\u2019\u00e9criture. Sauf que le ou la gagnant(e) de ce concours ne sera pas d\u00e9sign\u00e9 par hasard ! C\u2019est apr\u00e8s avoir particip\u00e9 \u00e0 des ateliers de mise en voix, analys\u00e9 en d\u00e9tails les trois pi\u00e8ces s\u00e9lectionn\u00e9es, d\u00e9battues en opposant \u00e0 tour de r\u00f4le des arguments positifs et des contre-arguments que nous avons contribu\u00e9 \u00e0 la d\u00e9signation d\u2019un(e) des auteur(e)s. A l\u2019issue d\u2019une s\u00e9ance de d\u00e9lib\u00e9ration chacun a pu d\u00e9livrer, s\u2019il le souhaitait, une voix, qui s&rsquo;ajoute \u00e0 celles des autres classes de seconde, mais aussi \u00e0 celles du jury final. Ce m\u00eame jury sera constitu\u00e9 lors d\u2019une c\u00e9r\u00e9monie honorifique d\u00e9di\u00e9e \u00e0 ce prix, c\u00e9r\u00e9monie lors de laquelle nous serons repr\u00e9sent\u00e9s par notre d\u00e9l\u00e9gu\u00e9e M\u00e9lissa Brucker. A noter qu\u2019une parit\u00e9 parfaite (8 voix partout) a \u00e9t\u00e9 constat\u00e9e pour deux des trois pi\u00e8ces apr\u00e8s le vote de notre demi-groupe.<\/p>\n\n\n\n<p>Pour conclure, nous souhaitons remercier l\u2019ensemble des intervenants du TNS, professeurs, et encadrants qui ont contribu\u00e9 au bon d\u00e9roulement de ce long mais beau projet. Nous tenons aussi \u00e0 vous faire remarquer que la classe a globalement bien r\u00e9agi pour participer, et contribuer comme il se devait \u00e0 celui-ci. En attendant le verdict, nous esp\u00e9rons que le ou la meilleur(e) gagnera !&nbsp;<\/p>\n\n\n\n<p>Nous souhaitons par avance bonne chance \u00e0 nos rempla\u00e7ants pour la prochaine \u00e9dition de ce prix.<\/p>\n\n\n\n<p><\/p>\n\n\n\n<hr class=\"wp-block-separator\"\/>\n\n\n\n<p><\/p>\n\n\n\n<p class=\"has-text-align-left\"><strong>Prix Bernard-Marie Kolt\u00e8s : quelle pi\u00e8ce touchera les spectateurs ? <\/strong><\/p>\n\n\n\n<p>Par Victoria, Dalia, Emeline, Asmaa, \u00e9l\u00e8ves de seconde GT7<\/p>\n\n\n\n<p class=\"has-drop-cap\">Trois auteurs diff\u00e9rents ont chacun \u00e9crit une pi\u00e8ce de th\u00e9\u00e2tre et ont \u00e9t\u00e9 nomm\u00e9s afin que leur revienne un prix. Les trois pi\u00e8ces diff\u00e9rentes sont \u201cLes inamovibles\u201d de S\u00e8djro Giovanni Houansou, \u201cLa chute des com\u00e8tes et des cosmonautes\u201d de Marina Skalova, et \u201cCh\u00e9rie.s de l\u2019ombre\u201d de Manon Ona. La r\u00e9compense est le prix Marie Kolt\u00e8s. Ce sont toutes des pi\u00e8ces modernes et r\u00e9centes. Elles ont pour but de sensibiliser les jeunes \u00e0 propos de sujets actuels et r\u00e9els. C&rsquo;est aux lyc\u00e9ens que revient la t\u00e2che de voter pour la pi\u00e8ce qu&rsquo;ils pr\u00e9f\u00e8rent. Mais afin de mieux comprendre les pi\u00e8ces, des professionnels tels que des dramaturges ou com\u00e9diens sont venus pour \u00e9claircir ces jeunes lyc\u00e9ens avec l\u2019aide de professeurs documentalsites et de fran\u00e7ais&nbsp; en plus. Ce projet a \u00e9t\u00e9 organis\u00e9 par J\u00e9r\u00e9my Engler qui est charg\u00e9 des relations publiques du Th\u00e9\u00e2tre National de Strasbourg.<\/p>\n\n\n\n<p>Le projet a commenc\u00e9 en Janvier 2021 au lyc\u00e9e Marcel Rudloff en classe de seconde GT7, mais avec la participation d\u2019autres lyc\u00e9es. Le projet s\u2019est cl\u00f4tur\u00e9 en d\u00e9but Mai par un vote de la pi\u00e8ce que les lyc\u00e9ens ont pr\u00e9f\u00e9r\u00e9e. Il y a eu six s\u00e9ances, dont trois dirig\u00e9es par la dramaturge, Marion Platevoet et par l\u2019enseignante Agn\u00e8s Heyer qui aidaient \u00e0 analyser les pi\u00e8ces, et trois autres s\u00e9ances dirig\u00e9es par Iannis Haillet et Blanche Giraud-Beauregard qui sont des com\u00e9diens\/intervenants qui nous ont aid\u00e9 \u00e0 nous plonger dans les pi\u00e8ces et les mettre en voix.<\/p>\n\n\n\n<p>Le prix Marie Kolt\u00e8s est un prix annuel, qui consiste \u00e0 \u00e9lire la meilleure pi\u00e8ce mais la r\u00e9compense revient \u00e0 l\u2019auteur. Le Th\u00e9\u00e2tre National de Strasbourg a fond\u00e9 ce prix ayant pour but de r\u00e9unir plusieurs classes de lyc\u00e9ens de l\u2019Acad\u00e9mie de Strasbourg afin de les aider \u00e0 d\u00e9couvrir le monde du th\u00e9\u00e2tre et d\u2019aider de nouveaux auteurs \u00e0 avancer dans leur carri\u00e8re.<\/p>\n\n\n\n<p>Dans chaque classe, les \u00e9l\u00e8ves ont \u00e9lu un(e) repr\u00e9sentant(e), pour qu\u2019il assiste \u00e0 une conf\u00e9rence de presse le 8 Juin 2021 au TNS pour expliquer leurs choix vot\u00e9s en classe. La remise des prix a lieu le 10 Juin au TNS o\u00f9 toutes les classes enti\u00e8res seront pr\u00e9sentes pour assister \u00e0 la remise du prix Marie Kolt\u00e8s \u00e0 l\u2019auteur choisi.<\/p>\n\n\n\n<p>Le d\u00e9roulement du projet s\u2019est pass\u00e9 dans des conditions chaleureuses. Les intervenants ont \u00e9t\u00e9 aimables et agr\u00e9ables avec nous. Cette ambiance a r\u00e9veill\u00e9 la participation de toute la classe et nous avons pass\u00e9 de bon moments. Nous avons tous eu une pr\u00e9f\u00e9rence mais une seule pi\u00e8ce l\u2019emportera.<\/p>\n\n\n\n<pre class=\"wp-block-verse\"><\/pre>\n","protected":false},"excerpt":{"rendered":"<p>Du th\u00e9\u00e2tre \u00e0 tout prix Par Erhan, Kylian, Thibault et Tony, \u00e9l\u00e8ves de seconde GT7 Depuis le d\u00e9but de l\u2019ann\u00e9e, nous, \u00e9l\u00e8ves de 2nd GT7, sommes int\u00e9gr\u00e9s \u00e0 un projet th\u00e9\u00e2tral r\u00e9put\u00e9, \u00e0 l\u2019initiative de notre professeure de fran\u00e7ais, Mme Koenig. Fort heureusement, nous ne sommes pas les seuls ! Huit autres classes de lyc\u00e9es [&hellip;]<\/p>\n","protected":false},"author":8,"featured_media":3948,"comment_status":"closed","ping_status":"open","sticky":false,"template":"","format":"standard","meta":{"footnotes":""},"categories":[25],"tags":[23,130,106,53],"class_list":["post-4892","post","type-post","status-publish","format-standard","has-post-thumbnail","hentry","category-pole-humanites","tag-cdi-lecture","tag-francais","tag-hlp","tag-theatre"],"_links":{"self":[{"href":"https:\/\/lyceerudloff.com\/index.php\/wp-json\/wp\/v2\/posts\/4892","targetHints":{"allow":["GET"]}}],"collection":[{"href":"https:\/\/lyceerudloff.com\/index.php\/wp-json\/wp\/v2\/posts"}],"about":[{"href":"https:\/\/lyceerudloff.com\/index.php\/wp-json\/wp\/v2\/types\/post"}],"author":[{"embeddable":true,"href":"https:\/\/lyceerudloff.com\/index.php\/wp-json\/wp\/v2\/users\/8"}],"replies":[{"embeddable":true,"href":"https:\/\/lyceerudloff.com\/index.php\/wp-json\/wp\/v2\/comments?post=4892"}],"version-history":[{"count":7,"href":"https:\/\/lyceerudloff.com\/index.php\/wp-json\/wp\/v2\/posts\/4892\/revisions"}],"predecessor-version":[{"id":5419,"href":"https:\/\/lyceerudloff.com\/index.php\/wp-json\/wp\/v2\/posts\/4892\/revisions\/5419"}],"wp:featuredmedia":[{"embeddable":true,"href":"https:\/\/lyceerudloff.com\/index.php\/wp-json\/wp\/v2\/media\/3948"}],"wp:attachment":[{"href":"https:\/\/lyceerudloff.com\/index.php\/wp-json\/wp\/v2\/media?parent=4892"}],"wp:term":[{"taxonomy":"category","embeddable":true,"href":"https:\/\/lyceerudloff.com\/index.php\/wp-json\/wp\/v2\/categories?post=4892"},{"taxonomy":"post_tag","embeddable":true,"href":"https:\/\/lyceerudloff.com\/index.php\/wp-json\/wp\/v2\/tags?post=4892"}],"curies":[{"name":"wp","href":"https:\/\/api.w.org\/{rel}","templated":true}]}}