{"id":8753,"date":"2022-11-04T13:24:13","date_gmt":"2022-11-04T12:24:13","guid":{"rendered":"https:\/\/lyceerudloff.com\/?p=8753"},"modified":"2022-11-04T13:24:13","modified_gmt":"2022-11-04T12:24:13","slug":"festival-augenblick-2022-abigaelle-et-julie-membres-du-jury-lyceen-europeen","status":"publish","type":"post","link":"https:\/\/lyceerudloff.com\/index.php\/2022\/11\/04\/festival-augenblick-2022-abigaelle-et-julie-membres-du-jury-lyceen-europeen\/","title":{"rendered":"Festival Augenblick 2022 : Abiga\u00eblle et Julie, membres du jury lyc\u00e9en europ\u00e9en!"},"content":{"rendered":"\n<p>Bravo \u00e0 nos \u00e9l\u00e8ves, Abiga\u00eblle Riv\u00e9 et Julie Tesson (1\u00e8re Abibac) dont les candidatures ont \u00e9t\u00e9 retenues, pour faire partie du Jury Lyc\u00e9en Europ\u00e9en au Festival Augenblick , festival du film germanophone, \u00e9dition 2022!<\/p>\n\n\n\n<p>Cr\u00e9\u00e9 en 2021 avec le soutien de l&rsquo;OFAJ et la Ville de Strasbourg et en partenariat avec l&rsquo;Agence du court m\u00e9trage, ce jury lyc\u00e9en europ\u00e9en est constitu\u00e9 de 13 jeunes, issus d&rsquo;\u00e9tablissements d&rsquo;enseignement secondaire de B\u00e2le, Dresde, Guebwiller, Strasbourg et Vienne.<\/p>\n\n\n\n<p>Il s&rsquo;agira pour ces jur\u00e9s, de visionner les courts m\u00e9trages de la comp\u00e9tition afin de d\u00e9cerner leur prix (dotation de 1000 euros). Ils seront aaccompagn\u00e9s et encadr\u00e9s par un formateur interculturel bilingue et profiteront aussi d&rsquo;une initiation \u00e0 la lecture de l&rsquo;image et \u00e0 la critique filmique.<\/p>\n\n\n\n<p>Merci au Festival Augenblick et \u00e0 Arte pour la chance offerte \u00e0 Abiga\u00eblle et Julie, de vivre une exp\u00e9rience artistique et interculturelle aussi riche et d&rsquo;acqu\u00e9rir de nouvelles comp\u00e9tences!<\/p>\n\n\n\n<p><\/p>\n\n\n\n<figure class=\"wp-block-image size-large\"><img loading=\"lazy\" decoding=\"async\" width=\"763\" height=\"1024\" src=\"https:\/\/lyceerudloff.com\/wp-content\/uploads\/2022\/11\/Plakat-ok-763x1024.jpg\" alt=\"\" class=\"wp-image-8756\" srcset=\"https:\/\/lyceerudloff.com\/wp-content\/uploads\/2022\/11\/Plakat-ok-763x1024.jpg 763w, https:\/\/lyceerudloff.com\/wp-content\/uploads\/2022\/11\/Plakat-ok-224x300.jpg 224w, https:\/\/lyceerudloff.com\/wp-content\/uploads\/2022\/11\/Plakat-ok-768x1030.jpg 768w, https:\/\/lyceerudloff.com\/wp-content\/uploads\/2022\/11\/Plakat-ok-18x24.jpg 18w, https:\/\/lyceerudloff.com\/wp-content\/uploads\/2022\/11\/Plakat-ok-27x36.jpg 27w, https:\/\/lyceerudloff.com\/wp-content\/uploads\/2022\/11\/Plakat-ok-36x48.jpg 36w, https:\/\/lyceerudloff.com\/wp-content\/uploads\/2022\/11\/Plakat-ok.jpg 828w\" sizes=\"auto, (max-width: 763px) 100vw, 763px\" \/><\/figure>\n","protected":false},"excerpt":{"rendered":"<p>Bravo \u00e0 nos \u00e9l\u00e8ves, Abiga\u00eblle Riv\u00e9 et Julie Tesson (1\u00e8re Abibac) dont les candidatures ont \u00e9t\u00e9 retenues, pour faire partie du Jury Lyc\u00e9en Europ\u00e9en au Festival Augenblick , festival du film germanophone, \u00e9dition 2022! Cr\u00e9\u00e9 en 2021 avec le soutien de l&rsquo;OFAJ et la Ville de Strasbourg et en partenariat avec l&rsquo;Agence du court m\u00e9trage, [&hellip;]<\/p>\n","protected":false},"author":9,"featured_media":8754,"comment_status":"closed","ping_status":"open","sticky":false,"template":"","format":"standard","meta":{"footnotes":""},"categories":[25,27,35],"tags":[45,48,141,142],"class_list":["post-8753","post","type-post","status-publish","format-standard","has-post-thumbnail","hentry","category-pole-humanites","category-pole-international","category-vie-de-letablissement","tag-abibac","tag-allemand","tag-humanites","tag-vie-du-lycee"],"_links":{"self":[{"href":"https:\/\/lyceerudloff.com\/index.php\/wp-json\/wp\/v2\/posts\/8753","targetHints":{"allow":["GET"]}}],"collection":[{"href":"https:\/\/lyceerudloff.com\/index.php\/wp-json\/wp\/v2\/posts"}],"about":[{"href":"https:\/\/lyceerudloff.com\/index.php\/wp-json\/wp\/v2\/types\/post"}],"author":[{"embeddable":true,"href":"https:\/\/lyceerudloff.com\/index.php\/wp-json\/wp\/v2\/users\/9"}],"replies":[{"embeddable":true,"href":"https:\/\/lyceerudloff.com\/index.php\/wp-json\/wp\/v2\/comments?post=8753"}],"version-history":[{"count":1,"href":"https:\/\/lyceerudloff.com\/index.php\/wp-json\/wp\/v2\/posts\/8753\/revisions"}],"predecessor-version":[{"id":8757,"href":"https:\/\/lyceerudloff.com\/index.php\/wp-json\/wp\/v2\/posts\/8753\/revisions\/8757"}],"wp:featuredmedia":[{"embeddable":true,"href":"https:\/\/lyceerudloff.com\/index.php\/wp-json\/wp\/v2\/media\/8754"}],"wp:attachment":[{"href":"https:\/\/lyceerudloff.com\/index.php\/wp-json\/wp\/v2\/media?parent=8753"}],"wp:term":[{"taxonomy":"category","embeddable":true,"href":"https:\/\/lyceerudloff.com\/index.php\/wp-json\/wp\/v2\/categories?post=8753"},{"taxonomy":"post_tag","embeddable":true,"href":"https:\/\/lyceerudloff.com\/index.php\/wp-json\/wp\/v2\/tags?post=8753"}],"curies":[{"name":"wp","href":"https:\/\/api.w.org\/{rel}","templated":true}]}}