{"id":8845,"date":"2022-11-28T00:13:44","date_gmt":"2022-11-27T23:13:44","guid":{"rendered":"https:\/\/lyceerudloff.com\/?p=8845"},"modified":"2023-03-08T11:26:14","modified_gmt":"2023-03-08T10:26:14","slug":"echange-erasmus-avec-le-val-daoste","status":"publish","type":"post","link":"https:\/\/lyceerudloff.com\/index.php\/2022\/11\/28\/echange-erasmus-avec-le-val-daoste\/","title":{"rendered":"\u00c9change Erasmus + avec le Val d&rsquo;Aoste"},"content":{"rendered":"\n<div style=\"height:30px\" aria-hidden=\"true\" class=\"wp-block-spacer\"><\/div>\n\n\n\n<div class=\"wp-block-media-text alignwide has-media-on-the-right is-stacked-on-mobile\" style=\"grid-template-columns:auto 31%\"><div class=\"wp-block-media-text__content\">\n<p>Dans le cadre d\u2019un projet Erasmus en partenariat avec des \u00e9tablissements du second degr\u00e9 du <mark style=\"background-color:rgba(0, 0, 0, 0)\" class=\"has-inline-color has-vivid-red-color\"><strong>Val d\u2019Aoste (nord de l\u2019Italie, voir ci-contre)<\/strong><\/mark>, notre \u00e9tablissement vous propose de participer \u00e0 un projet de mobilit\u00e9s de janvier 2023 jusqu\u2019\u00e0 fin de l\u2019ann\u00e9e scolaire 2024.<\/p>\n\n\n\n<p>Ce projet d\u2019\u00e9change concerne&nbsp;les actuels et futurs \u00e9l\u00e8ves de 1<sup>\u00e8re<\/sup> et de Terminale des disciplines suivantes :<\/p>\n\n\n\n<p>&#8211; sciences \u00e9conomiques et sociales,<\/p>\n\n\n\n<p>&#8211; toutes les disciplines scientifiques de la s\u00e9rie g\u00e9n\u00e9rale,<\/p>\n\n\n\n<p>&#8211; les sp\u00e9cialit\u00e9s des s\u00e9ries STMG et STI2D.<\/p>\n<\/div><figure class=\"wp-block-media-text__media\"><img loading=\"lazy\" decoding=\"async\" width=\"560\" height=\"704\" src=\"https:\/\/lyceerudloff.com\/wp-content\/uploads\/2022\/11\/image.png\" alt=\"Val d'Aoste\" class=\"wp-image-8846 size-full\" srcset=\"https:\/\/lyceerudloff.com\/wp-content\/uploads\/2022\/11\/image.png 560w, https:\/\/lyceerudloff.com\/wp-content\/uploads\/2022\/11\/image-239x300.png 239w, https:\/\/lyceerudloff.com\/wp-content\/uploads\/2022\/11\/image-19x24.png 19w, https:\/\/lyceerudloff.com\/wp-content\/uploads\/2022\/11\/image-29x36.png 29w, https:\/\/lyceerudloff.com\/wp-content\/uploads\/2022\/11\/image-38x48.png 38w\" sizes=\"auto, (max-width: 560px) 100vw, 560px\" \/><\/figure><\/div>\n\n\n\n<p>Gr\u00e2ce \u00e0 ce projet, il vous est propos\u00e9 d\u2019\u00eatre scolaris\u00e9 pendant un mois dans un \u00e9tablissement du Val d\u2019Aoste dont les enseignants des disciplines cit\u00e9es sont tous francophones. Vous serez accueillis en famille et\/ou en internat et les langues d\u2019\u00e9change privil\u00e9gi\u00e9es seront le fran\u00e7ais, l\u2019italien et l\u2019anglais.<\/p>\n\n\n\n<p>Ces programmes d\u2019\u00e9change constituent une r\u00e9elle opportunit\u00e9 pour vous car ils sont reconnus sur le livret scolaire (et donc sur Parcoursup) par le biais d\u2019une attestation qui mettra en valeur les comp\u00e9tences acquises lors de cette mobilit\u00e9. En effet, le Minist\u00e8re de l\u2019Education Nationale veut apporter une meilleure reconnaissance \u00e0 la mobilit\u00e9 des \u00e9l\u00e8ves afin qu\u2019ils puissent participer \u00e0 des partenariats internationaux et d\u00e9velopper des comp\u00e9tences qui seront tr\u00e8s appr\u00e9ci\u00e9es plus tard dans le monde du travail (flexibilit\u00e9, autonomie, ouverture sur le monde, maturit\u00e9\u2026) sans \u00eatre p\u00e9nalis\u00e9s \u00e0 leur retour dans le passage en classe sup\u00e9rieure ni dans leur orientation.<\/p>\n\n\n\n<p>Sachez que d\u00e9but 2023, notre lyc\u00e9e accueillera des \u00e9l\u00e8ves italiens francophones de deux \u00e9tablissements du Val d\u2019Aoste. A cette occasion, vous aurez l\u2019opportunit\u00e9 de faire connaissance et d\u2019\u00e9changer avec eux.<\/p>\n\n\n\n<p>Leur mobilit\u00e9 est financ\u00e9e par le programme Erasmus +. Ceci \u00e9tant, si vous d\u00e9sirez \u00e9tablir un v\u00e9ritable partenariat d\u2019\u00e9change r\u00e9ciproque, vous pouvez accueillir l\u2019un d\u2019entre eux au sein de votre famille afin qu\u2019il ou elle devienne votre correspondant(e) en Italie. Si tel est votre souhait, je vous prie d\u2019en informer au plus vite vos PP.<\/p>\n\n\n\n<p>Vos professeurs de SES, des mati\u00e8res scientifiques et de sp\u00e9cialit\u00e9 en STMG et STI2D ainsi que moi-m\u00eame restons \u00e0 votre enti\u00e8re disposition pour vous renseigner au mieux. Alors n\u2019h\u00e9sitez pas&nbsp;: tentez l\u2019exp\u00e9rience et l\u2019ouverture sur le monde et l\u2019Autre. L\u2019Italie vous tend les bras&nbsp;!<\/p>\n\n\n\n<p>Mme Gasman<\/p>\n\n\n\n<p>Enseignante d\u2019Espagnol et ERAEI<\/p>\n\n\n\n<p>(Enseignante R\u00e9f\u00e9rente pour les Actions Europ\u00e9ennes et Internationales hors espace germanophone).<\/p>\n","protected":false},"excerpt":{"rendered":"<p>Dans le cadre d\u2019un projet Erasmus en partenariat avec des \u00e9tablissements du second degr\u00e9 du Val d\u2019Aoste (nord de l\u2019Italie, voir ci-contre), notre \u00e9tablissement vous propose de participer \u00e0 un projet de mobilit\u00e9s de janvier 2023 jusqu\u2019\u00e0 fin de l\u2019ann\u00e9e scolaire 2024. Ce projet d\u2019\u00e9change concerne&nbsp;les actuels et futurs \u00e9l\u00e8ves de 1\u00e8re et de Terminale [&hellip;]<\/p>\n","protected":false},"author":14,"featured_media":8861,"comment_status":"closed","ping_status":"open","sticky":false,"template":"","format":"standard","meta":{"footnotes":""},"categories":[27,176],"tags":[49],"class_list":["post-8845","post","type-post","status-publish","format-standard","has-post-thumbnail","hentry","category-pole-international","category-pole-technologique","tag-voyages-echanges"],"_links":{"self":[{"href":"https:\/\/lyceerudloff.com\/index.php\/wp-json\/wp\/v2\/posts\/8845","targetHints":{"allow":["GET"]}}],"collection":[{"href":"https:\/\/lyceerudloff.com\/index.php\/wp-json\/wp\/v2\/posts"}],"about":[{"href":"https:\/\/lyceerudloff.com\/index.php\/wp-json\/wp\/v2\/types\/post"}],"author":[{"embeddable":true,"href":"https:\/\/lyceerudloff.com\/index.php\/wp-json\/wp\/v2\/users\/14"}],"replies":[{"embeddable":true,"href":"https:\/\/lyceerudloff.com\/index.php\/wp-json\/wp\/v2\/comments?post=8845"}],"version-history":[{"count":11,"href":"https:\/\/lyceerudloff.com\/index.php\/wp-json\/wp\/v2\/posts\/8845\/revisions"}],"predecessor-version":[{"id":8863,"href":"https:\/\/lyceerudloff.com\/index.php\/wp-json\/wp\/v2\/posts\/8845\/revisions\/8863"}],"wp:featuredmedia":[{"embeddable":true,"href":"https:\/\/lyceerudloff.com\/index.php\/wp-json\/wp\/v2\/media\/8861"}],"wp:attachment":[{"href":"https:\/\/lyceerudloff.com\/index.php\/wp-json\/wp\/v2\/media?parent=8845"}],"wp:term":[{"taxonomy":"category","embeddable":true,"href":"https:\/\/lyceerudloff.com\/index.php\/wp-json\/wp\/v2\/categories?post=8845"},{"taxonomy":"post_tag","embeddable":true,"href":"https:\/\/lyceerudloff.com\/index.php\/wp-json\/wp\/v2\/tags?post=8845"}],"curies":[{"name":"wp","href":"https:\/\/api.w.org\/{rel}","templated":true}]}}